{"id":128963,"date":"2026-02-06T08:22:37","date_gmt":"2026-02-06T08:22:37","guid":{"rendered":"https:\/\/elclarinzacatecano.com\/?p=128963"},"modified":"2026-02-06T08:22:37","modified_gmt":"2026-02-06T08:22:37","slug":"soriano-canizales-los-suicidios-de-los-ninos-ninas-y-adolescentes-estan-a-la-orden-del-dia","status":"publish","type":"post","link":"https:\/\/elclarinzacatecano.com\/?p=128963","title":{"rendered":"Soriano Canizales: \u201cLos suicidios de los ni\u00f1os, ni\u00f1as\u00a0 y adolescentes est\u00e1n a la orden del d\u00eda\u201d"},"content":{"rendered":"\n<ul>\n<li><em>Por el Estr\u00e9s, problemas familiares, depresi\u00f3n y otras causas los ni\u00f1os, ni\u00f1as y adolescentes se est\u00e1n quitando la vida y eso trae consecuencias<\/em><\/li>\n<\/ul>\n\n\n\n<p>En entrevista para diversos medios de comunicaci\u00f3n la Secretaria Ejecutiva del Sistema Estatal de Protecci\u00f3n Integral de Ni\u00f1as Ni\u00f1os y Adolescentes Zacatecas, &nbsp;<a href=\"https:\/\/www.facebook.com\/hashtag\/sipinna?__eep__=6&amp;__cft__%5b0%5d=AZa__B4TSqiHcJpm3qC24bfSpVBUx-dz3TLUY4fey2bC1vQ2mRTuxQv4IPFtQdjMV-aFi5KAdceN2_IRZaTpIe51HC8Ngs_Uog4mvH2xOdDwExa8jYIjSERn3tIjSBH-3jryCd3HRdCMkWvuDLquEWeS0cV6vqhTN0OumNOAXihsxA&amp;__tn__=*NK-R\">#SIPINNA<\/a>, <a href=\"https:\/\/www.facebook.com\/profile.php?id=61575176863928&amp;__cft__%5b0%5d=AZa__B4TSqiHcJpm3qC24bfSpVBUx-dz3TLUY4fey2bC1vQ2mRTuxQv4IPFtQdjMV-aFi5KAdceN2_IRZaTpIe51HC8Ngs_Uog4mvH2xOdDwExa8jYIjSERn3tIjSBH-3jryCd3HRdCMkWvuDLquEWeS0cV6vqhTN0OumNOAXihsxA&amp;__tn__=-%5dK-R\">F\u00e1tima Soriano<\/a> Canizales manifest\u00f3 que conforme a los cambios de la sociedad Necesitamos que los delitos contra ni\u00f1as, ni\u00f1os y adolescentes est\u00e9n m\u00e1s vigilados y ello nos ha dado cuenta de que est\u00e1n dentro de este sistema, por lo que m\u00e1s que preocuparnos nos debemos estar ocupando en este tema, porque est\u00e1n siendo vulneradas con esta situaci\u00f3n.<\/p>\n\n\n\n<p>\u201cSe puede hablar de un incremento en el suicidio, porque este ha estado presente se vuelven casos medi\u00e1ticos y son los que hemos estado escuchando, pero el suicidio en adolescentes ha estado presente\u201d, asegur\u00f3.<\/p>\n\n\n\n<p>Para prevenirlo; -explico- tenemos un programa que se ha estado llevando a las secundarias en donde les impartimos temas de Salud Mental para dotar a los ni\u00f1os y adolescentes de herramientas que puedan usar antes de que pase un posible atentado, dando a los docentes el material para que ellos sepan c\u00f3mo actuar.<\/p>\n\n\n\n<p>Este a\u00f1o F\u00e1tima Rosalba Soriano Canizales, Secretaria Ejecutiva del SIPINNA coment\u00f3, vamos a retomar las platicas y los programas previsores para llevarlos a las posibles v\u00edctimas, aparte de vincularnos con las dem\u00e1s autoridades que ya est\u00e1n actuando, pero lo que necesitamos es que todo el trabajo que las instituciones realizan se vea integral y que pueda dar un impacto mayor a nuestra sociedad.<\/p>\n\n\n\n<p>El programa esta dise\u00f1ado para adolescentes de secundaria principalmente de los 12 a 15 a\u00f1os y a algunos Bachilleratos, ahora que vamos a las escuelas a dar las capacitaciones con algunos alumnos vemos en ellos estr\u00e9s, problemas familiares, es la falta de escuchas por los familiares, d\u00f3nde ven las figuras seguras de l\u00edderes, finalizo.<\/p>\n","protected":false},"excerpt":{"rendered":"<p>En entrevista para diversos medios de comunicaci\u00f3n la Secretaria Ejecutiva del Sistema Estatal de Protecci\u00f3n Integral de Ni\u00f1as Ni\u00f1os y Adolescentes Zacatecas, &nbsp;#SIPINNA, F\u00e1tima Soriano Canizales manifest\u00f3 que conforme a los cambios de la sociedad Necesitamos que los delitos contra ni\u00f1as, ni\u00f1os y adolescentes est\u00e9n m\u00e1s vigilados y ello nos ha dado cuenta de que [&hellip;]<\/p>\n","protected":false},"author":2,"featured_media":128951,"comment_status":"closed","ping_status":"closed","sticky":true,"template":"","format":"standard","meta":{"om_disable_all_campaigns":false},"categories":[1,8],"tags":[],"_links":{"self":[{"href":"https:\/\/elclarinzacatecano.com\/index.php?rest_route=\/wp\/v2\/posts\/128963"}],"collection":[{"href":"https:\/\/elclarinzacatecano.com\/index.php?rest_route=\/wp\/v2\/posts"}],"about":[{"href":"https:\/\/elclarinzacatecano.com\/index.php?rest_route=\/wp\/v2\/types\/post"}],"author":[{"embeddable":true,"href":"https:\/\/elclarinzacatecano.com\/index.php?rest_route=\/wp\/v2\/users\/2"}],"replies":[{"embeddable":true,"href":"https:\/\/elclarinzacatecano.com\/index.php?rest_route=%2Fwp%2Fv2%2Fcomments&post=128963"}],"version-history":[{"count":1,"href":"https:\/\/elclarinzacatecano.com\/index.php?rest_route=\/wp\/v2\/posts\/128963\/revisions"}],"predecessor-version":[{"id":128964,"href":"https:\/\/elclarinzacatecano.com\/index.php?rest_route=\/wp\/v2\/posts\/128963\/revisions\/128964"}],"wp:featuredmedia":[{"embeddable":true,"href":"https:\/\/elclarinzacatecano.com\/index.php?rest_route=\/wp\/v2\/media\/128951"}],"wp:attachment":[{"href":"https:\/\/elclarinzacatecano.com\/index.php?rest_route=%2Fwp%2Fv2%2Fmedia&parent=128963"}],"wp:term":[{"taxonomy":"category","embeddable":true,"href":"https:\/\/elclarinzacatecano.com\/index.php?rest_route=%2Fwp%2Fv2%2Fcategories&post=128963"},{"taxonomy":"post_tag","embeddable":true,"href":"https:\/\/elclarinzacatecano.com\/index.php?rest_route=%2Fwp%2Fv2%2Ftags&post=128963"}],"curies":[{"name":"wp","href":"https:\/\/api.w.org\/{rel}","templated":true}]}}