{"id":128978,"date":"2026-02-09T06:20:50","date_gmt":"2026-02-09T06:20:50","guid":{"rendered":"https:\/\/elclarinzacatecano.com\/?p=128978"},"modified":"2026-02-09T06:20:50","modified_gmt":"2026-02-09T06:20:50","slug":"sma-yo-voy-hasta-donde-ustedes-quieran-que-vaya","status":"publish","type":"post","link":"https:\/\/elclarinzacatecano.com\/?p=128978","title":{"rendered":"SMA: \u201cYo voy hasta d\u00f3nde ustedes quieran que vaya\u201d"},"content":{"rendered":"\n<ul>\n<li><em>\u201cA mano alzada\u201d m\u00e1s de dos mil personas, alientan a Sa\u00fal Monreal a seguir adelante<\/em><\/li>\n\n\n\n<li><em>Si no hay respeto y unidad, MORENA corre el riesgo de perder Zacatecas<\/em><\/li>\n\n\n\n<li><em>Pidi\u00f3 el Senador de la Rep\u00fablica cuidar el proceso interno que viene dentro del partido<\/em><\/li>\n<\/ul>\n\n\n\n<p>Al grito de \u201cgobernador, gobernador, gobernador\u201d, el Senador Monreal \u00c1vila fue recibido en un sal\u00f3n de conocido hotel de Zacatecas, ah\u00ed, se reuni\u00f3 con la estructura para decidir si se contin\u00faa la lucha o no donde m\u00e1s de 2 mil personas alientan al m\u00e1s peque\u00f1o de los Monreal \u00c1vila, ser candidato y Ejecutivo por Zacatecas en \u00e9l 2027.<\/p>\n\n\n\n<p>\u201cIremos municipio por municipio, a nivel de colonia, vamos calle por calle y tocaremos casa por casa\u201d Al reunirse con su estructura estatal en asamblea de evaluaci\u00f3n, el senador Sa\u00fal Monreal \u00c1vila exigi\u00f3 inclusi\u00f3n, respeto y escuchar a la militancia en el proceso interno que se avecina, de lo contrario se corre el riesgo de perder Zacatecas. \u201cYo voy a ir hasta donde ustedes quieran que vaya, yo no me rajo, vamos a recorrer todos los municipios, las colonias, tocaremos puerta por puerta\u201d, afirmo.<\/p>\n\n\n\n<p>Al tomar la palabra el pol\u00edtico de Fresnillo pregunt\u00f3 con fuerza a la asamblea: \u201cYo le pregunto, le paramos o seguimos con la lucha, yo voy a ir hasta donde ustedes as\u00ed lo quieran\u201d.<\/p>\n\n\n\n<p>Reconoci\u00f3 el pol\u00edtico de Puebla del Palmar, el esfuerzo que hizo la estructura por venir a la capital para estar en la asamblea de evaluaci\u00f3n e informaci\u00f3n, entre otras cosas, hoy quiero decirle que dependo de ustedes, a pesar, de que algunos quieren desestimar nuestro capital. \u201cHoy me acompa\u00f1an con plena convicci\u00f3n hombres y mujeres zacatecanos de pr\u00e1cticamente todos los municipios, gracias por estar aqu\u00ed\u201d.<\/p>\n\n\n\n<p>Por otro lado, reproch\u00f3 Monreal \u00c1vila a aquellos pol\u00edticos de ocasi\u00f3n, que s\u00f3lo se aparecen en tiempos electorales, dizque saludando a la gente con humildad, tom\u00e1ndose fotos, llevando despensas, acariciando perritos, s\u00f3lo para decir que son pueblo. \u201cQue quede claro, no hay nada para nadie en estos momentos, a pesar de algunos ilusos (as) quieren enga\u00f1ar\u201d.<\/p>\n\n\n\n<p>Que se escuche recio y fuerte, \u201cyo voy a donde ustedes quieran que vaya, no habr\u00e1 ning\u00fan lineamiento ni estatuto, que est\u00e9 por encima de la voluntad popular, de la exigencia de un pueblo que sigue esperando que el cambio contin\u00fae\u201d.<\/p>\n\n\n\n<figure class=\"wp-block-image size-large\"><img decoding=\"async\" loading=\"lazy\" width=\"1024\" height=\"492\" src=\"http:\/\/elclarinzacatecano.com\/wp-content\/uploads\/2026\/02\/WhatsApp-Image-2026-02-08-at-2.02.23-PM-1024x492.jpeg\" alt=\"\" class=\"wp-image-128971\" srcset=\"https:\/\/elclarinzacatecano.com\/wp-content\/uploads\/2026\/02\/WhatsApp-Image-2026-02-08-at-2.02.23-PM-1024x492.jpeg 1024w, https:\/\/elclarinzacatecano.com\/wp-content\/uploads\/2026\/02\/WhatsApp-Image-2026-02-08-at-2.02.23-PM-300x144.jpeg 300w, https:\/\/elclarinzacatecano.com\/wp-content\/uploads\/2026\/02\/WhatsApp-Image-2026-02-08-at-2.02.23-PM-768x369.jpeg 768w, https:\/\/elclarinzacatecano.com\/wp-content\/uploads\/2026\/02\/WhatsApp-Image-2026-02-08-at-2.02.23-PM-1536x737.jpeg 1536w, https:\/\/elclarinzacatecano.com\/wp-content\/uploads\/2026\/02\/WhatsApp-Image-2026-02-08-at-2.02.23-PM.jpeg 1600w\" sizes=\"(max-width: 1024px) 100vw, 1024px\" \/><\/figure>\n\n\n\n<p>Pidi\u00f3 el Senador Monreal, agotar el proceso interno del partido, en donde la dirigencia cuide el proceso interno, de lo contrario se corre el riesgo de perder Zacatecas, por lo que, hago un llamado a las dirigencias nacional y estatal para que sean incluyentes con la militancia, con la base. cuidado con las actitudes excluyentes y m\u00e1s cuidado con hacer a nuestro movimiento a un lado, asegur\u00f3.<\/p>\n\n\n\n<p>Aprovech\u00f3 el Senador la asistencia de campesinos, ganaderos, universitarios, deportistas, j\u00f3venes, comerciantes, de amas de casas, de maestros y personas con alguna discapacidad y de una asociaci\u00f3n de motociclistas para pedirles su apoyo. \u201cA partir de aqu\u00ed vamos a trabajar m\u00e1s fuerte\u201d, destac\u00f3.<\/p>\n\n\n\n<p>Finalmente, el Senador Sa\u00fal Monreal \u00c1vila, pidi\u00f3 correr la voz en todos los municipios, recorrer todas las calles, tocar todas las puertas, para que nuestro movimiento sea tomado en cuenta en el proceso interno que vivir\u00e1 MORENA en los pr\u00f3ximos meses. \u201cFinalizo diciendo, yo voy hasta donde quieren que llegue, dependo de ustedes\u201d.<\/p>\n","protected":false},"excerpt":{"rendered":"<p>Al grito de \u201cgobernador, gobernador, gobernador\u201d, el Senador Monreal \u00c1vila fue recibido en un sal\u00f3n de conocido hotel de Zacatecas, ah\u00ed, se reuni\u00f3 con la estructura para decidir si se contin\u00faa la lucha o no donde m\u00e1s de 2 mil personas alientan al m\u00e1s peque\u00f1o de los Monreal \u00c1vila, ser candidato y Ejecutivo por Zacatecas [&hellip;]<\/p>\n","protected":false},"author":1,"featured_media":128970,"comment_status":"closed","ping_status":"closed","sticky":true,"template":"","format":"standard","meta":{"om_disable_all_campaigns":false},"categories":[1,8],"tags":[],"_links":{"self":[{"href":"https:\/\/elclarinzacatecano.com\/index.php?rest_route=\/wp\/v2\/posts\/128978"}],"collection":[{"href":"https:\/\/elclarinzacatecano.com\/index.php?rest_route=\/wp\/v2\/posts"}],"about":[{"href":"https:\/\/elclarinzacatecano.com\/index.php?rest_route=\/wp\/v2\/types\/post"}],"author":[{"embeddable":true,"href":"https:\/\/elclarinzacatecano.com\/index.php?rest_route=\/wp\/v2\/users\/1"}],"replies":[{"embeddable":true,"href":"https:\/\/elclarinzacatecano.com\/index.php?rest_route=%2Fwp%2Fv2%2Fcomments&post=128978"}],"version-history":[{"count":1,"href":"https:\/\/elclarinzacatecano.com\/index.php?rest_route=\/wp\/v2\/posts\/128978\/revisions"}],"predecessor-version":[{"id":128979,"href":"https:\/\/elclarinzacatecano.com\/index.php?rest_route=\/wp\/v2\/posts\/128978\/revisions\/128979"}],"wp:featuredmedia":[{"embeddable":true,"href":"https:\/\/elclarinzacatecano.com\/index.php?rest_route=\/wp\/v2\/media\/128970"}],"wp:attachment":[{"href":"https:\/\/elclarinzacatecano.com\/index.php?rest_route=%2Fwp%2Fv2%2Fmedia&parent=128978"}],"wp:term":[{"taxonomy":"category","embeddable":true,"href":"https:\/\/elclarinzacatecano.com\/index.php?rest_route=%2Fwp%2Fv2%2Fcategories&post=128978"},{"taxonomy":"post_tag","embeddable":true,"href":"https:\/\/elclarinzacatecano.com\/index.php?rest_route=%2Fwp%2Fv2%2Ftags&post=128978"}],"curies":[{"name":"wp","href":"https:\/\/api.w.org\/{rel}","templated":true}]}}