{"id":128998,"date":"2026-02-11T02:56:10","date_gmt":"2026-02-11T02:56:10","guid":{"rendered":"https:\/\/elclarinzacatecano.com\/?p=128998"},"modified":"2026-02-11T02:56:10","modified_gmt":"2026-02-11T02:56:10","slug":"sma-surge-el-cuestionamiento-de-la-ley-de-la-reforma-laboral-en-el-senado","status":"publish","type":"post","link":"https:\/\/elclarinzacatecano.com\/?p=128998","title":{"rendered":"SMA: Surge el cuestionamiento de la ley de la Reforma Laboral en el Senado"},"content":{"rendered":"\n<ul>\n<li><em>Ya esta todo listo para debatir por la reforma a la jornada laboral, desde 1917 no se le hizo ning\u00fan cambio a la ley, ya es justo el debatirla<\/em><\/li>\n<\/ul>\n\n\n\n<ul>\n<li><em>Necesario ver candidaturas correctas para el 2027<\/em><\/li>\n<\/ul>\n\n\n\n<p>En conferencia de prensa el Senador de la Rep\u00fablica Sa\u00fal Monreal \u00c1vila, explico que se someter\u00e1 a votaci\u00f3n ojal\u00e1 todos los senadores aprueben la ley de la jornada laboral y que hoy ser\u00e1 historia, y con las leyes modificadas sobre todo las laborales que se debatir\u00e1 en el Senado para su aprobaci\u00f3n o discusi\u00f3n, lo que se pretende que cada a\u00f1o se descuenten dos d\u00edas hasta llegar a los ocho en el 2030.<\/p>\n\n\n\n<p>\u201cYa era necesario la reforma de las horas laborables desde 1917 no se tocaban y es justo para los trabajadores, se les va a hacer justicia. Ya era necesario reivindicar a la clase trabajadora\u201d, afirmo \u00e9l Senador.<\/p>\n\n\n\n<p>Tambi\u00e9n agradezco a los militantes que asistieron a la asamblea de diferentes lugares que estuvieron y tuvieron la humildad de hacerlo para que esto nos permita a la ciudadan\u00eda trabajar al cien por ciento por su servidor para recorrer todo el estado para la estructura, donde se asumi\u00f3 el compromiso de aceptar para poder tener una buena militancia.<\/p>\n\n\n\n<p>Mas all\u00e1 debe de haber inteligencia para el que salga elegido, yo tratare de actuar con responsabilidad y el partido debe cuidar el proceso interno para bien del mismo y as\u00ed elegir al que el pueblo designe.<\/p>\n\n\n\n<p>El recuerdo de donde surge el Monrealismo fue oportuno recordarlo -dijo- porque no somos los designados, sino que muchos trabajaron por \u00e9l, los taxistas, los comerciantes, los alba\u00f1iles, los campesinos, etc., es un movimiento social que confiaron en Ricardo Monreal, 28 a\u00f1os despu\u00e9s de aquella decisi\u00f3n social.<\/p>\n\n\n\n<p>La dirigencia de Morena debe de poner mucha atenci\u00f3n y \u00e9nfasis en ver a quien pone en las listas internas, el problema ser\u00e1 si se toman decisiones excluyentes y a los aspirantes a presidencias municipales, estatales, diputaciones locales y federales, &nbsp;etc.<\/p>\n\n\n\n<p>La gente me ve bien y estoy preparado mental y psicol\u00f3gicamente para aceptar el cargo que la gente me apoye, adem\u00e1s debe de haber temas del hecho que somos un proyecto que tomaremos las decisiones correctas, finalizo.<\/p>\n","protected":false},"excerpt":{"rendered":"<p>En conferencia de prensa el Senador de la Rep\u00fablica Sa\u00fal Monreal \u00c1vila, explico que se someter\u00e1 a votaci\u00f3n ojal\u00e1 todos los senadores aprueben la ley de la jornada laboral y que hoy ser\u00e1 historia, y con las leyes modificadas sobre todo las laborales que se debatir\u00e1 en el Senado para su aprobaci\u00f3n o discusi\u00f3n, lo [&hellip;]<\/p>\n","protected":false},"author":2,"featured_media":128999,"comment_status":"closed","ping_status":"closed","sticky":true,"template":"","format":"standard","meta":{"om_disable_all_campaigns":false},"categories":[1],"tags":[],"_links":{"self":[{"href":"https:\/\/elclarinzacatecano.com\/index.php?rest_route=\/wp\/v2\/posts\/128998"}],"collection":[{"href":"https:\/\/elclarinzacatecano.com\/index.php?rest_route=\/wp\/v2\/posts"}],"about":[{"href":"https:\/\/elclarinzacatecano.com\/index.php?rest_route=\/wp\/v2\/types\/post"}],"author":[{"embeddable":true,"href":"https:\/\/elclarinzacatecano.com\/index.php?rest_route=\/wp\/v2\/users\/2"}],"replies":[{"embeddable":true,"href":"https:\/\/elclarinzacatecano.com\/index.php?rest_route=%2Fwp%2Fv2%2Fcomments&post=128998"}],"version-history":[{"count":1,"href":"https:\/\/elclarinzacatecano.com\/index.php?rest_route=\/wp\/v2\/posts\/128998\/revisions"}],"predecessor-version":[{"id":129000,"href":"https:\/\/elclarinzacatecano.com\/index.php?rest_route=\/wp\/v2\/posts\/128998\/revisions\/129000"}],"wp:featuredmedia":[{"embeddable":true,"href":"https:\/\/elclarinzacatecano.com\/index.php?rest_route=\/wp\/v2\/media\/128999"}],"wp:attachment":[{"href":"https:\/\/elclarinzacatecano.com\/index.php?rest_route=%2Fwp%2Fv2%2Fmedia&parent=128998"}],"wp:term":[{"taxonomy":"category","embeddable":true,"href":"https:\/\/elclarinzacatecano.com\/index.php?rest_route=%2Fwp%2Fv2%2Fcategories&post=128998"},{"taxonomy":"post_tag","embeddable":true,"href":"https:\/\/elclarinzacatecano.com\/index.php?rest_route=%2Fwp%2Fv2%2Ftags&post=128998"}],"curies":[{"name":"wp","href":"https:\/\/api.w.org\/{rel}","templated":true}]}}