{"id":129006,"date":"2026-02-13T06:37:00","date_gmt":"2026-02-13T06:37:00","guid":{"rendered":"https:\/\/elclarinzacatecano.com\/?p=129006"},"modified":"2026-02-13T06:37:00","modified_gmt":"2026-02-13T06:37:00","slug":"ayuntamiento-de-zacatecas-pone-en-marcha-centros-de-aprendizaje-con-respaldo-internacional","status":"publish","type":"post","link":"https:\/\/elclarinzacatecano.com\/?p=129006","title":{"rendered":"Ayuntamiento de Zacatecas pone en marcha Centros de Aprendizaje con respaldo Internacional"},"content":{"rendered":"\n<ul>\n<li><em>Entrega 35 equipos de Laptop para la tecnolog\u00eda y formaci\u00f3n acad\u00e9mica de zacatecanos, porque invertir en educaci\u00f3n es apostar directamente por el presente y el futuro de Zacatecas<\/em><\/li>\n<\/ul>\n\n\n\n<p>Con la entrega de 35 equipos de c\u00f3mputo port\u00e1tiles y el arranque formal de dos Centros de Aprendizaje, ubicados en la biblioteca Roberto Cabral del Hoyo y en el Polideportivo Alma Obrera, el Ayuntamiento de Zacatecas reafirm\u00f3 su compromiso con la educaci\u00f3n, la inclusi\u00f3n digital y el desarrollo integral de la juventud capitalina. El acto fue encabezado por el presidente municipal, Miguel Varela, y cont\u00f3 con la presencia del enlace pol\u00edtico y empresarial del Estado de Utah, Dennis Tenney, quien realiz\u00f3 la donaci\u00f3n de las laptops que permitir\u00e1n equipar estos nuevos espacios.<\/p>\n\n\n\n<p>Durante su mensaje, el alcalde Miguel Varela destac\u00f3 que invertir en tecnolog\u00eda y formaci\u00f3n acad\u00e9mica es apostar directamente por el presente y el futuro de Zacatecas. Se\u00f1al\u00f3 que su administraci\u00f3n trabaja para generar condiciones de igualdad, particularmente para j\u00f3venes que no cuentan con acceso a herramientas digitales en sus comunidades o colonias. \u201cNuestro compromiso es claro: que ninguna joven o joven se quede atr\u00e1s por falta de oportunidades. La educaci\u00f3n es la base del desarrollo social y econ\u00f3mico, y debemos garantizar que est\u00e9 al alcance de todas y todos\u201d, expres\u00f3.<\/p>\n\n\n\n<p>El presidente municipal subray\u00f3 que estos centros no solo brindar\u00e1n acceso a equipos de c\u00f3mputo, sino que se consolidar\u00e1n como espacios de capacitaci\u00f3n, acompa\u00f1amiento y crecimiento personal, donde las y los j\u00f3venes podr\u00e1n fortalecer sus habilidades acad\u00e9micas, tecnol\u00f3gicas y profesionales.<\/p>\n\n\n\n<p>Asimismo, reconoci\u00f3 y agradeci\u00f3 la generosa aportaci\u00f3n de Dennis Tenney, as\u00ed como el trabajo coordinado de la s\u00edndica municipal, Wendy Vald\u00e9s; del titular de Asuntos Internacionales, Dr. Pedro Cardona; del Departamento de Juventud, encabezado por Ra\u00fal Calcanat; y de la Direcci\u00f3n de Solidaridad y Desarrollo Humano, a cargo de Nancy Espinosa. Tambi\u00e9n destac\u00f3 el respaldo del Cabildo y de las distintas \u00e1reas del Ayuntamiento que hicieron posible concretar este proyecto.<\/p>\n\n\n\n<figure class=\"wp-block-image size-large\"><img decoding=\"async\" loading=\"lazy\" width=\"1024\" height=\"683\" src=\"https:\/\/elclarinzacatecano.com\/wp-content\/uploads\/2026\/02\/130226-MVP-Entrega-computadoras-a-zacatecanos-1024x683.jpg\" alt=\"\" class=\"wp-image-129007\" srcset=\"https:\/\/elclarinzacatecano.com\/wp-content\/uploads\/2026\/02\/130226-MVP-Entrega-computadoras-a-zacatecanos-1024x683.jpg 1024w, https:\/\/elclarinzacatecano.com\/wp-content\/uploads\/2026\/02\/130226-MVP-Entrega-computadoras-a-zacatecanos-300x200.jpg 300w, https:\/\/elclarinzacatecano.com\/wp-content\/uploads\/2026\/02\/130226-MVP-Entrega-computadoras-a-zacatecanos-768x512.jpg 768w, https:\/\/elclarinzacatecano.com\/wp-content\/uploads\/2026\/02\/130226-MVP-Entrega-computadoras-a-zacatecanos.jpg 1040w\" sizes=\"(max-width: 1024px) 100vw, 1024px\" \/><\/figure>\n\n\n\n<p>Miguel Varela anunci\u00f3 que la meta de la administraci\u00f3n es gestionar al menos 3 mil laptops adicionales mediante alianzas con organismos internacionales, fundaciones y el sector empresarial, para destinarlas a centros comunitarios y a estudiantes universitarios de escasos recursos o con alto desempe\u00f1o acad\u00e9mico, deportivo o cultural.<\/p>\n\n\n\n<p>Por su parte, Dennis Tenney felicit\u00f3 a las y los estudiantes y los exhort\u00f3 a conducirse con principios, amar a su comunidad y nunca rendirse, resaltando que el futuro de M\u00e9xico est\u00e1 en su juventud.<\/p>\n\n\n\n<p>Con la puesta en marcha de estos Centros de Aprendizaje, el Ayuntamiento de Zacatecas consolida una pol\u00edtica p\u00fablica enfocada en reducir la brecha digital y ampliar las oportunidades para las nuevas generaciones. A trav\u00e9s de la suma de esfuerzos entre gobierno, iniciativa privada y aliados internacionales, se sientan las bases para una juventud mejor preparada, con mayores herramientas para enfrentar los retos acad\u00e9micos y profesionales, y con la convicci\u00f3n de que la educaci\u00f3n es el camino para transformar positivamente el presente y el futuro de la capital.<\/p>\n","protected":false},"excerpt":{"rendered":"<p>Con la entrega de 35 equipos de c\u00f3mputo port\u00e1tiles y el arranque formal de dos Centros de Aprendizaje, ubicados en la biblioteca Roberto Cabral del Hoyo y en el Polideportivo Alma Obrera, el Ayuntamiento de Zacatecas reafirm\u00f3 su compromiso con la educaci\u00f3n, la inclusi\u00f3n digital y el desarrollo integral de la juventud capitalina. El acto [&hellip;]<\/p>\n","protected":false},"author":1,"featured_media":129008,"comment_status":"closed","ping_status":"closed","sticky":true,"template":"","format":"standard","meta":{"om_disable_all_campaigns":false},"categories":[7,1],"tags":[],"_links":{"self":[{"href":"https:\/\/elclarinzacatecano.com\/index.php?rest_route=\/wp\/v2\/posts\/129006"}],"collection":[{"href":"https:\/\/elclarinzacatecano.com\/index.php?rest_route=\/wp\/v2\/posts"}],"about":[{"href":"https:\/\/elclarinzacatecano.com\/index.php?rest_route=\/wp\/v2\/types\/post"}],"author":[{"embeddable":true,"href":"https:\/\/elclarinzacatecano.com\/index.php?rest_route=\/wp\/v2\/users\/1"}],"replies":[{"embeddable":true,"href":"https:\/\/elclarinzacatecano.com\/index.php?rest_route=%2Fwp%2Fv2%2Fcomments&post=129006"}],"version-history":[{"count":1,"href":"https:\/\/elclarinzacatecano.com\/index.php?rest_route=\/wp\/v2\/posts\/129006\/revisions"}],"predecessor-version":[{"id":129012,"href":"https:\/\/elclarinzacatecano.com\/index.php?rest_route=\/wp\/v2\/posts\/129006\/revisions\/129012"}],"wp:featuredmedia":[{"embeddable":true,"href":"https:\/\/elclarinzacatecano.com\/index.php?rest_route=\/wp\/v2\/media\/129008"}],"wp:attachment":[{"href":"https:\/\/elclarinzacatecano.com\/index.php?rest_route=%2Fwp%2Fv2%2Fmedia&parent=129006"}],"wp:term":[{"taxonomy":"category","embeddable":true,"href":"https:\/\/elclarinzacatecano.com\/index.php?rest_route=%2Fwp%2Fv2%2Fcategories&post=129006"},{"taxonomy":"post_tag","embeddable":true,"href":"https:\/\/elclarinzacatecano.com\/index.php?rest_route=%2Fwp%2Fv2%2Ftags&post=129006"}],"curies":[{"name":"wp","href":"https:\/\/api.w.org\/{rel}","templated":true}]}}