{"id":129030,"date":"2026-02-17T08:36:35","date_gmt":"2026-02-17T08:36:35","guid":{"rendered":"https:\/\/elclarinzacatecano.com\/?p=129030"},"modified":"2026-02-17T08:36:35","modified_gmt":"2026-02-17T08:36:35","slug":"bajar-a-40-horas-laborales-es-positivo-pero-no-la-manipulacion-de-morena-cpb","status":"publish","type":"post","link":"https:\/\/elclarinzacatecano.com\/?p=129030","title":{"rendered":"Bajar a 40 horas laborales es positivo, pero no la manipulaci\u00f3n de Morena: CPB"},"content":{"rendered":"\n<ul>\n<li><em>Para cualquier trabajador que se bajen de 48 a 40 horas laborales, es algo positivo, afirma Pe\u00f1a Badillo<\/em><\/li>\n<\/ul>\n\n\n\n<p>En su car\u00e1cter de Presidente estatal del PRI, el tambi\u00e9n Diputado local Carlos Pe\u00f1a Badillo afirm\u00f3 que para cualquier trabajador que se bajen de 48 a 40 horas laborales, es algo positivo, seg\u00fan lo reconoci\u00f3 el partido a nivel nacional y estatal, lo que es inadmisible es la simulaci\u00f3n de Morena que no acept\u00f3 bajar de 6 a 5 d\u00edas las jornadas laborales, sino que difiri\u00f3 la disminuci\u00f3n para concluirla hasta el 2030.<\/p>\n\n\n\n<p>En entrevista radiof\u00f3nica, Carlos Pe\u00f1a Badillo asever\u00f3 que para Morena todo es simulaci\u00f3n, enga\u00f1ar y capitalizar sin ver el presente y futuro de M\u00e9xico<\/p>\n\n\n\n<p>Destac\u00f3 que, aunque la reforma ya fue aprobada por ambas C\u00e1maras, el partido buscaba mejorarla y propon\u00eda 5 d\u00edas laborales de 8 horas y dos de descanso durante la semana, para reducir el cansancio, el gasto y el desgaste.<\/p>\n\n\n\n<p>Pe\u00f1a Badillo subray\u00f3 que; si se buscaba mejorar, lo correcto hubiera sido que quedara en 40 horas con 5 d\u00edas laborales para beneficiar a la clase trabajadora.<\/p>\n\n\n\n<p>Detall\u00f3 que esta reforma tambi\u00e9n buscaba contar con 12 horas extras legales, por semana; 4 horas extra en un d\u00eda y hasta 4 d\u00edas de la semana.<\/p>\n\n\n\n<p>El legislador priista, Carlos Pe\u00f1a Badillo mencion\u00f3 que la Reforma Laboral no contempla dos d\u00edas de descanso seguidos y la reducci\u00f3n a 6 horas laborales se ver\u00e1n reflejadas gradualmente, es decir, para el 2026, 48 horas; 2027, 46 horas; 2028, 44 horas; 2029, 42 horas y hasta el 2030 se llegar\u00e1 a las 40 horas.<\/p>\n\n\n\n<p>Indic\u00f3 que la jornada \u201cnormal\u201d de 40 horas contempla m\u00e1s de 12 horas extra legales, teniendo como resultado hasta 52 horas de trabajo a la semana, m\u00e1s que las 48 horas actuales, y todo sin que el patr\u00f3n viole la Constituci\u00f3n.<\/p>\n\n\n\n<p>En ese sentido, el Presidente estatal del PRI conden\u00f3 que gracias a la cerraz\u00f3n de Morena y sus aliados, la reforma se aprob\u00f3 a conveniencia y capricho, porque no hay argument\u00f3 real de esta reducci\u00f3n a capricho y no existe un verdadero impacto econ\u00f3mico para el trabajador.<\/p>\n\n\n\n<p>Esta reforma debi\u00f3 analizarse con el sector empresarial y con los sindicatos, as\u00ed como salvaguardar los derechos laborales de las y los trabajadores, puntualiz\u00f3.<\/p>\n\n\n\n<p>Finalmente, el Diputado local Carlos Pe\u00f1a Badillo se\u00f1al\u00f3 que esta reforma no es un est\u00edmulo real y lo \u00fanico que se obtendr\u00e1, es el crecimiento de los empleos informales.<\/p>\n","protected":false},"excerpt":{"rendered":"<p>En su car\u00e1cter de Presidente estatal del PRI, el tambi\u00e9n Diputado local Carlos Pe\u00f1a Badillo afirm\u00f3 que para cualquier trabajador que se bajen de 48 a 40 horas laborales, es algo positivo, seg\u00fan lo reconoci\u00f3 el partido a nivel nacional y estatal, lo que es inadmisible es la simulaci\u00f3n de Morena que no acept\u00f3 bajar [&hellip;]<\/p>\n","protected":false},"author":1,"featured_media":129021,"comment_status":"closed","ping_status":"closed","sticky":true,"template":"","format":"standard","meta":{"om_disable_all_campaigns":false},"categories":[1],"tags":[],"_links":{"self":[{"href":"https:\/\/elclarinzacatecano.com\/index.php?rest_route=\/wp\/v2\/posts\/129030"}],"collection":[{"href":"https:\/\/elclarinzacatecano.com\/index.php?rest_route=\/wp\/v2\/posts"}],"about":[{"href":"https:\/\/elclarinzacatecano.com\/index.php?rest_route=\/wp\/v2\/types\/post"}],"author":[{"embeddable":true,"href":"https:\/\/elclarinzacatecano.com\/index.php?rest_route=\/wp\/v2\/users\/1"}],"replies":[{"embeddable":true,"href":"https:\/\/elclarinzacatecano.com\/index.php?rest_route=%2Fwp%2Fv2%2Fcomments&post=129030"}],"version-history":[{"count":1,"href":"https:\/\/elclarinzacatecano.com\/index.php?rest_route=\/wp\/v2\/posts\/129030\/revisions"}],"predecessor-version":[{"id":129031,"href":"https:\/\/elclarinzacatecano.com\/index.php?rest_route=\/wp\/v2\/posts\/129030\/revisions\/129031"}],"wp:featuredmedia":[{"embeddable":true,"href":"https:\/\/elclarinzacatecano.com\/index.php?rest_route=\/wp\/v2\/media\/129021"}],"wp:attachment":[{"href":"https:\/\/elclarinzacatecano.com\/index.php?rest_route=%2Fwp%2Fv2%2Fmedia&parent=129030"}],"wp:term":[{"taxonomy":"category","embeddable":true,"href":"https:\/\/elclarinzacatecano.com\/index.php?rest_route=%2Fwp%2Fv2%2Fcategories&post=129030"},{"taxonomy":"post_tag","embeddable":true,"href":"https:\/\/elclarinzacatecano.com\/index.php?rest_route=%2Fwp%2Fv2%2Ftags&post=129030"}],"curies":[{"name":"wp","href":"https:\/\/api.w.org\/{rel}","templated":true}]}}