{"id":129032,"date":"2026-02-17T08:50:34","date_gmt":"2026-02-17T08:50:34","guid":{"rendered":"https:\/\/elclarinzacatecano.com\/?p=129032"},"modified":"2026-02-17T08:50:34","modified_gmt":"2026-02-17T08:50:34","slug":"la-transformacion-laboral-avanza-a-costa-de-la-oposicion-de-la-derecha-sma","status":"publish","type":"post","link":"https:\/\/elclarinzacatecano.com\/?p=129032","title":{"rendered":"La transformaci\u00f3n laboral avanza, a costa de la oposici\u00f3n de la derecha: SMA"},"content":{"rendered":"\n<ul>\n<li><em>Sa\u00fal Monreal defiende la reforma de 40 horas, llama al di\u00e1logo en la UAZ y reafirma su aspiraci\u00f3n con un mensaje de inclusi\u00f3n en Morena<\/em><\/li>\n<\/ul>\n\n\n\n<p>El senador por Zacatecas, Sa\u00fal Monreal \u00c1vila, en su tradicional conferencia de prensa abord\u00f3 temas de relevancia nacional y estatal, centrando su mensaje en la defensa de los derechos laborales, la estabilidad de la Universidad Aut\u00f3noma de Zacatecas (UAZ) y la necesidad de unidad en el proceso interno de Morena rumbo a 2027.<\/p>\n\n\n\n<p>Hemos logrado avances laborales como nunca antes. En relaci\u00f3n con la propuesta de reducir la jornada laboral de 48 a 40 horas semanales, el legislador destac\u00f3 que se trata de un paso hist\u00f3rico en la consolidaci\u00f3n del trabajo digno en M\u00e9xico. Subray\u00f3 que esta reforma busca mejorar la calidad de vida de millones de trabajadoras y trabajadores al garantizar m\u00e1s tiempo de descanso, mayor convivencia familiar y mejores condiciones f\u00edsicas y emocionales, sin que ello implique disminuci\u00f3n salarial ni p\u00e9rdida de prestaciones. Se\u00f1al\u00f3 que la implementaci\u00f3n gradual permitir\u00e1 que los sectores productivos se adapten de manera ordenada, evitando impactos abruptos en la econom\u00eda, y afirm\u00f3 que este avance forma parte de una pol\u00edtica integral que en los \u00faltimos a\u00f1os ha fortalecido el salario m\u00ednimo, ampliado las vacaciones y consolidado la libertad sindical.<\/p>\n\n\n\n<p>El senador sostuvo que las cr\u00edticas provenientes de sectores conservadores forman parte de una narrativa que hist\u00f3ricamente se opuso a los avances laborales, recordando que durante el periodo neoliberal no se registraron mejoras sustanciales en las condiciones de los trabajadores, mientras que en la actualidad se han impulsado reformas orientadas a la justicia social y a la dignificaci\u00f3n del empleo.<\/p>\n\n\n\n<p>La UAZ nos importa a todos. En otro punto de la conferencia, expres\u00f3 su preocupaci\u00f3n por el contexto que atraviesa la Universidad Aut\u00f3noma de Zacatecas, instituci\u00f3n en la que se desempe\u00f1a como acad\u00e9mico. Ante la posibilidad de que se convocara a huelga mediante un plebiscito sindical, manifest\u00f3 su deseo de que prevaleciera el di\u00e1logo y se evitaran afectaciones a la comunidad estudiantil. Reconoci\u00f3 la legitimidad de los mecanismos democr\u00e1ticos internos, pero insisti\u00f3 en que la prioridad debe ser la estabilidad acad\u00e9mica y la construcci\u00f3n de acuerdos responsables. Destac\u00f3 que finalmente se opt\u00f3 por no estallar la huelga y continuar con las negociaciones, lo que consider\u00f3 una decisi\u00f3n que privilegia el inter\u00e9s superior de la universidad y de sus estudiantes.<\/p>\n\n\n\n<p>Vamos por la unidad en Morena. Finalmente, al ser cuestionado nuevamente sobre su aspiraci\u00f3n a gobernar Zacatecas en 2027, el senador reafirm\u00f3 que su aspiraci\u00f3n es firme y leg\u00edtima, pero que no es una obsesi\u00f3n; y que representa una expresi\u00f3n pol\u00edtica que debe ser tomada en cuenta dentro del movimiento. Se\u00f1al\u00f3 que su llamado constante ha sido a la unidad, la inclusi\u00f3n y el respeto a todos los grupos y aspirantes de Morena en el estado, advirtiendo que las actitudes facciosas, sectarias o excluyentes pueden poner en riesgo el proceso interno y debilitar al movimiento, pero que nunca ser\u00e1 un factor de divisi\u00f3n ni de ruptura, reiter\u00f3 su respeto y respaldo a la presidenta de M\u00e9xico.<\/p>\n","protected":false},"excerpt":{"rendered":"<p>El senador por Zacatecas, Sa\u00fal Monreal \u00c1vila, en su tradicional conferencia de prensa abord\u00f3 temas de relevancia nacional y estatal, centrando su mensaje en la defensa de los derechos laborales, la estabilidad de la Universidad Aut\u00f3noma de Zacatecas (UAZ) y la necesidad de unidad en el proceso interno de Morena rumbo a 2027. Hemos logrado [&hellip;]<\/p>\n","protected":false},"author":1,"featured_media":129034,"comment_status":"closed","ping_status":"closed","sticky":true,"template":"","format":"standard","meta":{"om_disable_all_campaigns":false},"categories":[1],"tags":[],"_links":{"self":[{"href":"https:\/\/elclarinzacatecano.com\/index.php?rest_route=\/wp\/v2\/posts\/129032"}],"collection":[{"href":"https:\/\/elclarinzacatecano.com\/index.php?rest_route=\/wp\/v2\/posts"}],"about":[{"href":"https:\/\/elclarinzacatecano.com\/index.php?rest_route=\/wp\/v2\/types\/post"}],"author":[{"embeddable":true,"href":"https:\/\/elclarinzacatecano.com\/index.php?rest_route=\/wp\/v2\/users\/1"}],"replies":[{"embeddable":true,"href":"https:\/\/elclarinzacatecano.com\/index.php?rest_route=%2Fwp%2Fv2%2Fcomments&post=129032"}],"version-history":[{"count":1,"href":"https:\/\/elclarinzacatecano.com\/index.php?rest_route=\/wp\/v2\/posts\/129032\/revisions"}],"predecessor-version":[{"id":129035,"href":"https:\/\/elclarinzacatecano.com\/index.php?rest_route=\/wp\/v2\/posts\/129032\/revisions\/129035"}],"wp:featuredmedia":[{"embeddable":true,"href":"https:\/\/elclarinzacatecano.com\/index.php?rest_route=\/wp\/v2\/media\/129034"}],"wp:attachment":[{"href":"https:\/\/elclarinzacatecano.com\/index.php?rest_route=%2Fwp%2Fv2%2Fmedia&parent=129032"}],"wp:term":[{"taxonomy":"category","embeddable":true,"href":"https:\/\/elclarinzacatecano.com\/index.php?rest_route=%2Fwp%2Fv2%2Fcategories&post=129032"},{"taxonomy":"post_tag","embeddable":true,"href":"https:\/\/elclarinzacatecano.com\/index.php?rest_route=%2Fwp%2Fv2%2Ftags&post=129032"}],"curies":[{"name":"wp","href":"https:\/\/api.w.org\/{rel}","templated":true}]}}