{"id":129064,"date":"2026-02-19T07:40:07","date_gmt":"2026-02-19T07:40:07","guid":{"rendered":"https:\/\/elclarinzacatecano.com\/?p=129064"},"modified":"2026-02-19T07:40:07","modified_gmt":"2026-02-19T07:40:07","slug":"celebrara-gobierno-de-zacatecas-dia-de-la-familia-con-festival-de-granja-en-la-encantada","status":"publish","type":"post","link":"https:\/\/elclarinzacatecano.com\/?p=129064","title":{"rendered":"Celebrar\u00e1 Gobierno de Zacatecas \u201cD\u00eda de la Familia\u201d con festival de granja en La Encantada"},"content":{"rendered":"\n<ul>\n<li><em>Se realizar\u00e1 el sorteo de un autom\u00f3vil y se har\u00e1 la rifa de premios especiales como tabletas electr\u00f3nicas, juguetes y bicicletas<\/em><\/li>\n\n\n\n<li><em>Quienes se caractericen recibir\u00e1n obsequios como peluches, sombreros y pa\u00f1uelos<\/em><\/li>\n\n\n\n<li><em>El programa contempla presentaciones art\u00edsticas y culturales, activaciones f\u00edsicas, as\u00ed como una Expo Agropecuaria Infantil<\/em><\/li>\n<\/ul>\n\n\n\n<p>En un horario de 10:00 a 18:00 horas, en el Parque La Encantada, el Gobierno de Zacatecas encabezado por el mandatario David Monreal \u00c1vila celebrar\u00e1 el pr\u00f3ximo 1 de marzo de este a\u00f1o el D\u00eda de la Familia con una gran fiesta tem\u00e1tica de granja.<\/p>\n\n\n\n<p>Bajo un ambiente familiar y educativo, esta edici\u00f3n especial tendr\u00e1 como prop\u00f3sito destacar la importancia del cuidado del campo y de los animales como base de una sana alimentaci\u00f3n y del bienestar social por lo que, a trav\u00e9s de actividades l\u00fadicas, culturales y recreativas, las y los asistentes podr\u00e1n fortalecer valores como la uni\u00f3n, el respeto y la responsabilidad compartida.<\/p>\n\n\n\n<p>La Presidenta Honor\u00edfica del Sistema Estatal para el Desarrollo Integral de la Familia (SEDIF), Sara Hern\u00e1ndez de Monreal, invit\u00f3 a las familias a asistir con vestimenta relacionada al mundo de la granja y del campo porque quienes se caractericen recibir\u00e1n obsequios como peluches, sombreros y pa\u00f1uelos.<\/p>\n\n\n\n<p>Adem\u00e1s, como parte de las actividades centrales se realizar\u00e1 el sorteo de un autom\u00f3vil y se har\u00e1 la rifa de premios especiales como tabletas electr\u00f3nicas, juguetes y bicicletas, mediante una divertida din\u00e1mica de b\u00fasqueda de huevos de gallina escondidos.<\/p>\n\n\n\n<p>Tambi\u00e9n el programa contempla presentaciones art\u00edsticas y culturales, activaciones f\u00edsicas, as\u00ed como una Expo Agropecuaria Infantil donde ni\u00f1as y ni\u00f1os podr\u00e1n aprender de manera interactiva sobre el campo y la producci\u00f3n de alimentos.<\/p>\n\n\n\n<p>Asimismo, se instalar\u00e1 un \u00e1rea gastron\u00f3mica y de exposici\u00f3n artesanal, habr\u00e1 diversos talleres para toda la familia, entre ellos cer\u00e1mica y elaboraci\u00f3n de mu\u00f1ecos de pasto, y se contar\u00e1 con un programa de realidad virtual con videos educativos sobre el cuidado de los animales y el campo.<\/p>\n\n\n\n<p>El pr\u00f3ximo domingo 1 de marzo las familias adem\u00e1s podr\u00e1n convivir e interactuar con animales como ponys, gallinas, chivas, borregos, guajolotes, conejos, mini pigs y llamas, reforzando as\u00ed el aprendizaje vivencial y el contacto con la naturaleza.<\/p>\n\n\n\n<p>Cabe se\u00f1alar que las dependencias del Gobierno del Estado de Zacatecas participar\u00e1n con actividades l\u00fadicas y recreativas, y se instalar\u00e1n un espacio de brincolines para las y los m\u00e1s peque\u00f1os.<\/p>\n\n\n\n<p>El Zool\u00f3gico y el Parque Mini Zacatecas permanecer\u00e1n cerrados debido a trabajos de remodelaci\u00f3n.<\/p>\n","protected":false},"excerpt":{"rendered":"<p>En un horario de 10:00 a 18:00 horas, en el Parque La Encantada, el Gobierno de Zacatecas encabezado por el mandatario David Monreal \u00c1vila celebrar\u00e1 el pr\u00f3ximo 1 de marzo de este a\u00f1o el D\u00eda de la Familia con una gran fiesta tem\u00e1tica de granja. Bajo un ambiente familiar y educativo, esta edici\u00f3n especial tendr\u00e1 [&hellip;]<\/p>\n","protected":false},"author":2,"featured_media":129065,"comment_status":"closed","ping_status":"closed","sticky":true,"template":"","format":"standard","meta":{"om_disable_all_campaigns":false},"categories":[1,8],"tags":[],"_links":{"self":[{"href":"https:\/\/elclarinzacatecano.com\/index.php?rest_route=\/wp\/v2\/posts\/129064"}],"collection":[{"href":"https:\/\/elclarinzacatecano.com\/index.php?rest_route=\/wp\/v2\/posts"}],"about":[{"href":"https:\/\/elclarinzacatecano.com\/index.php?rest_route=\/wp\/v2\/types\/post"}],"author":[{"embeddable":true,"href":"https:\/\/elclarinzacatecano.com\/index.php?rest_route=\/wp\/v2\/users\/2"}],"replies":[{"embeddable":true,"href":"https:\/\/elclarinzacatecano.com\/index.php?rest_route=%2Fwp%2Fv2%2Fcomments&post=129064"}],"version-history":[{"count":1,"href":"https:\/\/elclarinzacatecano.com\/index.php?rest_route=\/wp\/v2\/posts\/129064\/revisions"}],"predecessor-version":[{"id":129066,"href":"https:\/\/elclarinzacatecano.com\/index.php?rest_route=\/wp\/v2\/posts\/129064\/revisions\/129066"}],"wp:featuredmedia":[{"embeddable":true,"href":"https:\/\/elclarinzacatecano.com\/index.php?rest_route=\/wp\/v2\/media\/129065"}],"wp:attachment":[{"href":"https:\/\/elclarinzacatecano.com\/index.php?rest_route=%2Fwp%2Fv2%2Fmedia&parent=129064"}],"wp:term":[{"taxonomy":"category","embeddable":true,"href":"https:\/\/elclarinzacatecano.com\/index.php?rest_route=%2Fwp%2Fv2%2Fcategories&post=129064"},{"taxonomy":"post_tag","embeddable":true,"href":"https:\/\/elclarinzacatecano.com\/index.php?rest_route=%2Fwp%2Fv2%2Ftags&post=129064"}],"curies":[{"name":"wp","href":"https:\/\/api.w.org\/{rel}","templated":true}]}}