{"id":129092,"date":"2026-02-24T06:42:43","date_gmt":"2026-02-24T06:42:43","guid":{"rendered":"https:\/\/elclarinzacatecano.com\/?p=129092"},"modified":"2026-02-24T07:11:48","modified_gmt":"2026-02-24T07:11:48","slug":"clubes-rotarios-de-suecia-impulsa-cooperacion-social-y-cultural-en-zacatecas","status":"publish","type":"post","link":"https:\/\/elclarinzacatecano.com\/?p=129092","title":{"rendered":"Clubes Rotarios de Suecia impulsa cooperaci\u00f3n social y cultural en Zacatecas"},"content":{"rendered":"\n<ul>\n<li><em>La capital zacatecana es reconocida por su riqueza patrimonial y por el esfuerzo de generaciones que han preservado su legado arquitect\u00f3nico y cultural<\/em><\/li>\n\n\n\n<li><em>Se realizan obras de reestructuraci\u00f3n del Jard\u00edn de la madre en la capital<\/em><\/li>\n<\/ul>\n\n\n\n<p>El presidente municipal de Zacatecas, Miguel Varela, junto con la S\u00edndico Municipal Wendy Valdez Organista y el secretario de Gobierno Erick Mu\u00f1oz, dio la bienvenida a integrantes de clubes afiliados a Rotary International provenientes de Suecia, durante un encuentro institucional celebrado en la capital del estado.<\/p>\n\n\n\n<p>En la reuni\u00f3n se resalt\u00f3 el valor hist\u00f3rico, cultural y tur\u00edstico de Zacatecas, as\u00ed como su creciente proyecci\u00f3n internacional como destino de intercambio acad\u00e9mico, social y cultural.<\/p>\n\n\n\n<p>En su mensaje, el alcalde subray\u00f3 que la visita de los rotarios fortalece los lazos de cooperaci\u00f3n entre comunidades y fomenta el di\u00e1logo entre organizaciones civiles y gobiernos locales. Se\u00f1al\u00f3 que la capital zacatecana es reconocida por su riqueza patrimonial y por el esfuerzo de generaciones que han preservado su legado arquitect\u00f3nico y cultural.<\/p>\n\n\n\n<p>\u201cEs un honor recibirlos en esta ciudad hist\u00f3rica, con un gran futuro y reconocimiento internacional\u201d, expres\u00f3 el presidente municipal, al recordar que el nombramiento otorgado por la UNESCO confirma el valor universal del patrimonio local y la responsabilidad compartida de conservarlo.<\/p>\n\n\n\n<p>Miguel Varela enfatiz\u00f3 que encuentros de esta naturaleza permiten compartir experiencias en \u00e1reas como el desarrollo comunitario, la promoci\u00f3n cultural, el turismo responsable y la cooperaci\u00f3n internacional. A\u00f1adi\u00f3 que la presencia de visitantes extranjeros refleja la confianza en la ciudad y abre nuevas oportunidades de colaboraci\u00f3n en proyectos sociales impulsados por asociaciones civiles y autoridades municipales.<\/p>\n\n\n\n<p>Durante la reuni\u00f3n, el alcalde reiter\u00f3 la disposici\u00f3n del Gobierno Municipal para mantener canales de di\u00e1logo permanentes con organizaciones internacionales comprometidas con la educaci\u00f3n, la cultura y el desarrollo social. Indic\u00f3 que Zacatecas seguir\u00e1 promoviendo acciones que fortalezcan su proyecci\u00f3n global sin perder su identidad hist\u00f3rica.<\/p>\n\n\n\n<p>Finalmente, el presidente municipal agradeci\u00f3 la visita de los representantes rotarios y los invit\u00f3 a continuar difundiendo la riqueza cultural de la ciudad en sus pa\u00edses de origen, confiando en que este encuentro marque el inicio de futuras colaboraciones que beneficien tanto a la comunidad local como a sus aliados internacionales.<\/p>\n\n\n\n<p><strong>Inicia Ayuntamiento rehabilitaci\u00f3n del Jard\u00edn de la Madre para recuperar su imagen<\/strong><\/p>\n\n\n<div class=\"wp-block-image\">\n<figure class=\"alignleft size-large is-resized\"><img decoding=\"async\" loading=\"lazy\" src=\"http:\/\/elclarinzacatecano.com\/wp-content\/uploads\/2026\/02\/240226-reparan-jardin-de-la-madre-en-la-capital-768x1024.jpg\" alt=\"\" class=\"wp-image-129093\" width=\"576\" height=\"768\" srcset=\"https:\/\/elclarinzacatecano.com\/wp-content\/uploads\/2026\/02\/240226-reparan-jardin-de-la-madre-en-la-capital-768x1024.jpg 768w, https:\/\/elclarinzacatecano.com\/wp-content\/uploads\/2026\/02\/240226-reparan-jardin-de-la-madre-en-la-capital-225x300.jpg 225w, https:\/\/elclarinzacatecano.com\/wp-content\/uploads\/2026\/02\/240226-reparan-jardin-de-la-madre-en-la-capital.jpg 960w\" sizes=\"(max-width: 576px) 100vw, 576px\" \/><\/figure><\/div>\n\n\n<p>El Ayuntamiento de Zacatecas, encabezado por el presidente municipal Miguel Varela, dio inicio a los trabajos de rehabilitaci\u00f3n del Jard\u00edn Morelos, conocido como Jard\u00edn de la Madre, con el objetivo de recuperar este espacio p\u00fablico emblem\u00e1tico del Centro Hist\u00f3rico y reforzar las condiciones de seguridad para peatones y visitantes.<\/p>\n\n\n\n<p>La directora general de Calidad de Vida y Servicios P\u00fablicos, Lupita Flores, inform\u00f3 que las labores comenzaron en la zona donde previamente se registr\u00f3 la ca\u00edda de un \u00e1rbol, lo que provoc\u00f3 afectaciones en la balaustrada y parte de la infraestructura del jard\u00edn. Explic\u00f3 que la intervenci\u00f3n se realiz\u00f3 tras concluir la dictaminaci\u00f3n del seguro que protege los monumentos y zonas hist\u00f3ricas de la ciudad, lo que permiti\u00f3 liberar los recursos correspondientes para iniciar la rehabilitaci\u00f3n.<\/p>\n\n\n\n<p>\u201cQueremos pedirle a todas y todos que salgan a divertirse, pero con responsabilidad; que si toman no manejen, para que cuiden su vida, la de los dem\u00e1s y los elementos emblem\u00e1ticos de nuestra capital\u201d, remat\u00f3.<\/p>\n","protected":false},"excerpt":{"rendered":"<p>El presidente municipal de Zacatecas, Miguel Varela, junto con la S\u00edndico Municipal Wendy Valdez Organista y el secretario de Gobierno Erick Mu\u00f1oz, dio la bienvenida a integrantes de clubes afiliados a Rotary International provenientes de Suecia, durante un encuentro institucional celebrado en la capital del estado. En la reuni\u00f3n se resalt\u00f3 el valor hist\u00f3rico, cultural [&hellip;]<\/p>\n","protected":false},"author":2,"featured_media":129095,"comment_status":"closed","ping_status":"closed","sticky":true,"template":"","format":"standard","meta":{"om_disable_all_campaigns":false},"categories":[97,1,8],"tags":[],"_links":{"self":[{"href":"https:\/\/elclarinzacatecano.com\/index.php?rest_route=\/wp\/v2\/posts\/129092"}],"collection":[{"href":"https:\/\/elclarinzacatecano.com\/index.php?rest_route=\/wp\/v2\/posts"}],"about":[{"href":"https:\/\/elclarinzacatecano.com\/index.php?rest_route=\/wp\/v2\/types\/post"}],"author":[{"embeddable":true,"href":"https:\/\/elclarinzacatecano.com\/index.php?rest_route=\/wp\/v2\/users\/2"}],"replies":[{"embeddable":true,"href":"https:\/\/elclarinzacatecano.com\/index.php?rest_route=%2Fwp%2Fv2%2Fcomments&post=129092"}],"version-history":[{"count":3,"href":"https:\/\/elclarinzacatecano.com\/index.php?rest_route=\/wp\/v2\/posts\/129092\/revisions"}],"predecessor-version":[{"id":129101,"href":"https:\/\/elclarinzacatecano.com\/index.php?rest_route=\/wp\/v2\/posts\/129092\/revisions\/129101"}],"wp:featuredmedia":[{"embeddable":true,"href":"https:\/\/elclarinzacatecano.com\/index.php?rest_route=\/wp\/v2\/media\/129095"}],"wp:attachment":[{"href":"https:\/\/elclarinzacatecano.com\/index.php?rest_route=%2Fwp%2Fv2%2Fmedia&parent=129092"}],"wp:term":[{"taxonomy":"category","embeddable":true,"href":"https:\/\/elclarinzacatecano.com\/index.php?rest_route=%2Fwp%2Fv2%2Fcategories&post=129092"},{"taxonomy":"post_tag","embeddable":true,"href":"https:\/\/elclarinzacatecano.com\/index.php?rest_route=%2Fwp%2Fv2%2Ftags&post=129092"}],"curies":[{"name":"wp","href":"https:\/\/api.w.org\/{rel}","templated":true}]}}