{"id":129097,"date":"2026-02-24T06:57:02","date_gmt":"2026-02-24T06:57:02","guid":{"rendered":"https:\/\/elclarinzacatecano.com\/?p=129097"},"modified":"2026-02-24T07:44:14","modified_gmt":"2026-02-24T07:44:14","slug":"temas-para-reflexionar-151","status":"publish","type":"post","link":"https:\/\/elclarinzacatecano.com\/?p=129097","title":{"rendered":"TEMAS PARA REFLEXIONAR"},"content":{"rendered":"\n<p><strong>POR JEMATOBA.<\/strong><\/p>\n\n\n<div class=\"wp-block-image\">\n<figure class=\"alignleft size-full\"><img decoding=\"async\" loading=\"lazy\" width=\"225\" height=\"300\" src=\"http:\/\/elclarinzacatecano.com\/wp-content\/uploads\/2023\/11\/temas-jesus-manuel-torres-baez.jpg\" alt=\"\" class=\"wp-image-121740\"\/><\/figure><\/div>\n\n\n<p>Este fin de semana que se tuvo la violencia tras operativo del Ejercito Mexicano y elementos federales, para capturar a Nemesio Oseguera Cervantes, alias \u201cEl Mencho\u201d, paro en un confrontamiento entre integrantes del Cartel de Jalisco Nueva Generaci\u00f3n, (CJNG), en la cual salieron heridos tres personas, entre ellas \u201cEl Mencho\u201d, quien en el traslado a M\u00e9xico falleci\u00f3 y con \u00e9l se desato toda una ola de violencia, en diferentes carreteras del pa\u00eds, todo esto derivado de la detenci\u00f3n de Alma Rosa alias \u201cLa Leona\u201d, quien se encargaba de reclutar y adiestrar a nuevos elementos del CJNG, pero debemos analizar quien mando este operativo, que si bien es cierto resulto con la muerte del l\u00edder del cartel m\u00e1s poderoso de M\u00e9xico en donde se ofrec\u00eda una recompensa de 15 millones de d\u00f3lares, el caso es que por pol\u00edticas internas, se sali\u00f3 del caparaz\u00f3n y se olvido de que se tienen mandos superiores y como horita hay muchos que tienen la mayor parte del control, adem\u00e1s de que ya no entregaban los frutos acordados pues decidieron quitarlo de en medio, dicen que la ambici\u00f3n no es buena consejera y para muestra un bot\u00f3n, no s\u00e9 pero tambi\u00e9n comentan que Trump ya pidi\u00f3 la cabeza de AMLO, el cual esta como dice el dicho: \u201cMas vale aqu\u00ed corri\u00f3, que aqu\u00ed muri\u00f3\u201d, y sepa usted donde est\u00e1 escondido.<\/p>\n\n\n\n<p>Pues estuvo muy feo los bloqueos carreteros y todas las amenazas que se hicieron por la gente del CJNG, donde otra vez se demuestra que se acabaron los valientes que defend\u00edan sus propiedades a base de arma en mano, pero como papa gobierno se encarg\u00f3 de recoger y desaparecer todas las armas que estaban por los civiles, pues ya nos anda con los morrillos que reclutaron y que les dan un arma y se sienten due\u00f1os del para\u00edso, pues es su vida con la droga, viven en el Limbo, en fin esperemos que no se violenten m\u00e1s las cosas y nuestra presidenta sepa pactar para que todo vuelva a ser como antes, que nada m\u00e1s sea paso para los vecinos del norte y que las Organizaciones Criminales salgan de la vida p\u00fablica de M\u00e9xico, se oye muy bonito pero del dicho al hecho hay mucho trecho, o me equivoco.<\/p>\n\n\n\n<p>Bueno pasando a otro tema y seguros de que seguir\u00e1n impulsando a los Clubes Rotarios Internationales, se unen al esfuerzo que esta haciendo Miguel Varela de impulsar el crecimiento cultural de la capital zacatecana, con apoyo del Club Rotary de Zacatecas donde los hermanos Sa\u00fal y Cuauht\u00e9moc Hurtado, representaron a la capital, con ello se esta abriendo una puerta para ir al pa\u00eds de Suecia y traer beneficios de all\u00e1 para ac\u00e1 y viceversa, bueno que tengamos voz de profeta y que logremos ver esos beneficios.<\/p>\n\n\n\n<p>Por lo pronto no nos queda m\u00e1s que decir el refr\u00e1n de la semana y que se\u00f1ala lo siguiente: \u201cEntre m\u00e1s nublado este el camino, siempre queda la esperanza de ver un rayito de luz\u201d, sin lugar a dudas nos da el aliento para caminar con la fe y motivaci\u00f3n que necesitamos para agarrar al toro por los cuernos y doblarlo para hacerlo caer, por ello nunca dejes de sonre\u00edr, cantar, bailar, so\u00f1ar y ver la vida desde diferentes \u00e1ngulos, solo recuerda ser completamente feliz, okidoky.<\/p>\n","protected":false},"excerpt":{"rendered":"<p>POR JEMATOBA. Este fin de semana que se tuvo la violencia tras operativo del Ejercito Mexicano y elementos federales, para capturar a Nemesio Oseguera Cervantes, alias \u201cEl Mencho\u201d, paro en un confrontamiento entre integrantes del Cartel de Jalisco Nueva Generaci\u00f3n, (CJNG), en la cual salieron heridos tres personas, entre ellas \u201cEl Mencho\u201d, quien en el [&hellip;]<\/p>\n","protected":false},"author":2,"featured_media":129102,"comment_status":"closed","ping_status":"closed","sticky":true,"template":"","format":"standard","meta":{"om_disable_all_campaigns":false},"categories":[1],"tags":[],"_links":{"self":[{"href":"https:\/\/elclarinzacatecano.com\/index.php?rest_route=\/wp\/v2\/posts\/129097"}],"collection":[{"href":"https:\/\/elclarinzacatecano.com\/index.php?rest_route=\/wp\/v2\/posts"}],"about":[{"href":"https:\/\/elclarinzacatecano.com\/index.php?rest_route=\/wp\/v2\/types\/post"}],"author":[{"embeddable":true,"href":"https:\/\/elclarinzacatecano.com\/index.php?rest_route=\/wp\/v2\/users\/2"}],"replies":[{"embeddable":true,"href":"https:\/\/elclarinzacatecano.com\/index.php?rest_route=%2Fwp%2Fv2%2Fcomments&post=129097"}],"version-history":[{"count":1,"href":"https:\/\/elclarinzacatecano.com\/index.php?rest_route=\/wp\/v2\/posts\/129097\/revisions"}],"predecessor-version":[{"id":129099,"href":"https:\/\/elclarinzacatecano.com\/index.php?rest_route=\/wp\/v2\/posts\/129097\/revisions\/129099"}],"wp:featuredmedia":[{"embeddable":true,"href":"https:\/\/elclarinzacatecano.com\/index.php?rest_route=\/wp\/v2\/media\/129102"}],"wp:attachment":[{"href":"https:\/\/elclarinzacatecano.com\/index.php?rest_route=%2Fwp%2Fv2%2Fmedia&parent=129097"}],"wp:term":[{"taxonomy":"category","embeddable":true,"href":"https:\/\/elclarinzacatecano.com\/index.php?rest_route=%2Fwp%2Fv2%2Fcategories&post=129097"},{"taxonomy":"post_tag","embeddable":true,"href":"https:\/\/elclarinzacatecano.com\/index.php?rest_route=%2Fwp%2Fv2%2Ftags&post=129097"}],"curies":[{"name":"wp","href":"https:\/\/api.w.org\/{rel}","templated":true}]}}