{"id":129104,"date":"2026-02-25T04:28:18","date_gmt":"2026-02-25T04:28:18","guid":{"rendered":"https:\/\/elclarinzacatecano.com\/?p=129104"},"modified":"2026-02-25T04:28:18","modified_gmt":"2026-02-25T04:28:18","slug":"la-mejor-forma-de-honrar-a-la-bandera-es-tener-un-gobierno-cercano-con-la-gente-jsa","status":"publish","type":"post","link":"https:\/\/elclarinzacatecano.com\/?p=129104","title":{"rendered":"\u201cLa mejor forma de honrar a la bandera, es tener un gobierno cercano con la gente\u201d: JSA"},"content":{"rendered":"\n<ul>\n<li><em>El primer edil encabez\u00f3 honores a la bandera acompa\u00f1ado por la Direcci\u00f3n de la Polic\u00eda Estatal, la s\u00edndica municipal, regidores y servidores p\u00fablicos<\/em><\/li>\n\n\n\n<li><em>Se cont\u00f3 con la participaci\u00f3n de la escolta y banda de guerra del Preescolar Br\u00edgida Alfaro ubicado en el municipio de Guadalupe<\/em><\/li>\n<\/ul>\n\n\n\n<p>\u201cManteniendo un gobierno con acciones enfocadas en generar paz, bienestar y progreso, es lo mejor que se puede hacer, para honrar a los s\u00edmbolos patrios\u201d, as\u00ed lo se\u00f1al\u00f3 el Presidente Municipal de Guadalupe, Pepe Sald\u00edvar.<\/p>\n\n\n\n<p>En ceremonia de honores a la bandera para conmemorar a nuestro l\u00e1baro patrio, el alcalde guadalupense asegur\u00f3, que entre las acciones que se llevan a cabo para estar cerca de la ciudadan\u00eda destacan, la rehabilitaci\u00f3n de calles y carreteras en conjunto con el Gobierno del estado encabezado por David Monreal \u00c1vila, as\u00ed como la entrega de apoyos sociales, tales como tinacos, boilers solares y material de construcci\u00f3n, adem\u00e1s de la atracci\u00f3n de la inversi\u00f3n p\u00fablica y privada en materia de vivienda y cadenas comerciales.<\/p>\n\n\n\n<p>Acompa\u00f1ado por Rafael Fuerte Mendoza, representante de la Direcci\u00f3n de la Polic\u00eda Estatal, Antonio Jaramillo Ju\u00e1rez, Subdirector de Seguridad P\u00fablica, Anal\u00ed Infante Morales, S\u00edndica Municipal y por servidoras y servidores p\u00fablicos del Ayuntamiento de Guadalupe, as\u00ed como por la escolta y banda de guerra del Preescolar Br\u00edgida Alfaro, dijo que la paz no es solamente la ausencia de conflicto, sino que es la presencia de pol\u00edtica y programas que funcionan, de comunidades solidarias y de gobierno que act\u00faan con responsabilidad y cercan\u00eda.<\/p>\n\n\n\n<p>\u201cNuestra Bandera tambi\u00e9n simboliza el bienestar como objetivo superior de la acci\u00f3n p\u00fablica, bienestar entendido como acceso a la educaci\u00f3n, a la salud, al trabajo digno, a los servicios p\u00fablicos de calidad, y a un entorno que permita a ni\u00f1as, ni\u00f1os y j\u00f3venes desarrollarse plenamente\u201d, indic\u00f3.<\/p>\n\n\n\n<p>Por ello, mencion\u00f3 que, junto con la paz y el bienestar, aparece el progreso, un progreso que no es privilegio de unos cuantos, sino fruto del esfuerzo com\u00fan, un progreso que apuesta por la innovaci\u00f3n, por el desarrollo sostenible y por la construcci\u00f3n de comunidades m\u00e1s fuertes y participativas.<\/p>\n\n\n\n<p>\u201cHoy, frente a nuestra bandera, renovemos el compromiso de servir con honestidad, de actuar con responsabilidad y de mantener vivos los valores c\u00edvicos que nos dan cohesi\u00f3n como pueblo mexicano\u201d, enfatiz\u00f3 el mandatario municipal.<\/p>\n\n\n\n<p>Al clausurar el evento a\u00f1adi\u00f3 que cada decisi\u00f3n p\u00fablica est\u00e1 inspirada en el amor a M\u00e9xico, y que cada acci\u00f3n refleja el orgullo de pertenecer a este hermoso pa\u00eds, \u201cal ondear nuestra bandera, recordemos que somo parte de una historia com\u00fan que nos exige unidad, trabajo y compromiso\u201d, finaliz\u00f3 Pepe Sald\u00edvar.<\/p>\n\n\n\n<p>Luego de que se rindieron honores a tan importante s\u00edmbolo patrio y se enton\u00f3 el glorioso Himno Nacional Mexicano, a cargo de elementos de la Polic\u00eda Municipal, las Maestras Maricela S\u00e1nchez G\u00e1lvez, Claudia L\u00f3pez, y Leticia Mu\u00f1oz, dirigieron el juramento, la Marcha de Zacatecas y las efem\u00e9rides correspondientes a esta fecha conmemorativa.<\/p>\n","protected":false},"excerpt":{"rendered":"<p>\u201cManteniendo un gobierno con acciones enfocadas en generar paz, bienestar y progreso, es lo mejor que se puede hacer, para honrar a los s\u00edmbolos patrios\u201d, as\u00ed lo se\u00f1al\u00f3 el Presidente Municipal de Guadalupe, Pepe Sald\u00edvar. En ceremonia de honores a la bandera para conmemorar a nuestro l\u00e1baro patrio, el alcalde guadalupense asegur\u00f3, que entre las [&hellip;]<\/p>\n","protected":false},"author":2,"featured_media":129105,"comment_status":"closed","ping_status":"closed","sticky":true,"template":"","format":"standard","meta":{"om_disable_all_campaigns":false},"categories":[1],"tags":[],"_links":{"self":[{"href":"https:\/\/elclarinzacatecano.com\/index.php?rest_route=\/wp\/v2\/posts\/129104"}],"collection":[{"href":"https:\/\/elclarinzacatecano.com\/index.php?rest_route=\/wp\/v2\/posts"}],"about":[{"href":"https:\/\/elclarinzacatecano.com\/index.php?rest_route=\/wp\/v2\/types\/post"}],"author":[{"embeddable":true,"href":"https:\/\/elclarinzacatecano.com\/index.php?rest_route=\/wp\/v2\/users\/2"}],"replies":[{"embeddable":true,"href":"https:\/\/elclarinzacatecano.com\/index.php?rest_route=%2Fwp%2Fv2%2Fcomments&post=129104"}],"version-history":[{"count":1,"href":"https:\/\/elclarinzacatecano.com\/index.php?rest_route=\/wp\/v2\/posts\/129104\/revisions"}],"predecessor-version":[{"id":129106,"href":"https:\/\/elclarinzacatecano.com\/index.php?rest_route=\/wp\/v2\/posts\/129104\/revisions\/129106"}],"wp:featuredmedia":[{"embeddable":true,"href":"https:\/\/elclarinzacatecano.com\/index.php?rest_route=\/wp\/v2\/media\/129105"}],"wp:attachment":[{"href":"https:\/\/elclarinzacatecano.com\/index.php?rest_route=%2Fwp%2Fv2%2Fmedia&parent=129104"}],"wp:term":[{"taxonomy":"category","embeddable":true,"href":"https:\/\/elclarinzacatecano.com\/index.php?rest_route=%2Fwp%2Fv2%2Fcategories&post=129104"},{"taxonomy":"post_tag","embeddable":true,"href":"https:\/\/elclarinzacatecano.com\/index.php?rest_route=%2Fwp%2Fv2%2Ftags&post=129104"}],"curies":[{"name":"wp","href":"https:\/\/api.w.org\/{rel}","templated":true}]}}