{"id":129127,"date":"2026-02-26T06:52:59","date_gmt":"2026-02-26T06:52:59","guid":{"rendered":"https:\/\/elclarinzacatecano.com\/?p=129127"},"modified":"2026-02-26T06:52:59","modified_gmt":"2026-02-26T06:52:59","slug":"mvp-compromiso-ambiental-y-mejorar-la-infraestructura-en-escuelas-de-la-capital","status":"publish","type":"post","link":"https:\/\/elclarinzacatecano.com\/?p=129127","title":{"rendered":"MVP: \u201cCompromiso Ambiental y mejorar la infraestructura en escuelas de la capital\u201d"},"content":{"rendered":"\n<ul>\n<li><em>Miguel Varela hace mejora a la infraestructura escolar mediante la creaci\u00f3n de accesos inclusivos y fomento de la cultura ecol\u00f3gica, planta 14 truenos en la escuela<\/em><\/li>\n<\/ul>\n\n\n\n<p>Zacatecas, Zac.- Como parte del programa \u201cEl Alcalde en tu escuela\u201d, el Presidente Municipal de Zacatecas, Miguel \u00c1ngel Varela Pinedo, encabez\u00f3 la ceremonia de honores a la bandera en el Jard\u00edn de Ni\u00f1os \u201cCitlalli\u201d, ubicado en la colonia Lomas de la Soledad donde se atendieron las necesidades de las instalaciones.<\/p>\n\n\n\n<p>En una acci\u00f3n conjunta con la Direcci\u00f3n de Medio Ambiente del municipio, se llev\u00f3 a cabo una jornada de reforestaci\u00f3n en la que se plantaron 14 \u00e1rboles de la especie \u201ctrueno\u201d.<\/p>\n\n\n\n<p>En esta actividad participaron con entusiasmo los alumnos del grupo de tercer a\u00f1o del jard\u00edn de ni\u00f1os, quienes, junto a los elementos de la Guardia Nacional, contribuyeron a mejorar el entorno verde de su escuela.<\/p>\n\n\n\n<figure class=\"wp-block-image size-large\"><img decoding=\"async\" loading=\"lazy\" width=\"1024\" height=\"684\" src=\"https:\/\/elclarinzacatecano.com\/wp-content\/uploads\/2026\/02\/WhatsApp-Image-2026-02-25-at-8.05.23-AM-1024x684.jpeg\" alt=\"\" class=\"wp-image-129133\" srcset=\"https:\/\/elclarinzacatecano.com\/wp-content\/uploads\/2026\/02\/WhatsApp-Image-2026-02-25-at-8.05.23-AM-1024x684.jpeg 1024w, https:\/\/elclarinzacatecano.com\/wp-content\/uploads\/2026\/02\/WhatsApp-Image-2026-02-25-at-8.05.23-AM-300x200.jpeg 300w, https:\/\/elclarinzacatecano.com\/wp-content\/uploads\/2026\/02\/WhatsApp-Image-2026-02-25-at-8.05.23-AM-768x513.jpeg 768w, https:\/\/elclarinzacatecano.com\/wp-content\/uploads\/2026\/02\/WhatsApp-Image-2026-02-25-at-8.05.23-AM-1536x1025.jpeg 1536w, https:\/\/elclarinzacatecano.com\/wp-content\/uploads\/2026\/02\/WhatsApp-Image-2026-02-25-at-8.05.23-AM.jpeg 1600w\" sizes=\"(max-width: 1024px) 100vw, 1024px\" \/><\/figure>\n\n\n\n<p>La visi\u00f3n de la actual administraci\u00f3n, liderada por Varela Pinedo, se ha distinguido desde su inicio por mantener una cercan\u00eda genuina con las instituciones educativas. Esto, a trav\u00e9s de \u00e9l \u00e1rea de Educaci\u00f3n encabezada por la maestra Paloma de la Luz Mart\u00ednez Aranda, en coordinaci\u00f3n con la doctora Nancy Espinosa Medina, Directora General de Solidaridad y Desarrollo Humano.<\/p>\n\n\n\n<p>El alcalde resalt\u00f3 que estas visitas y recorridos directos son fundamentales para contribuir de manera efectiva con la infraestructura escolar y los servicios b\u00e1sicos, elementos que resultan indispensables para elevar la calidad de los espacios donde conviven diariamente las ni\u00f1as y ni\u00f1os de la capital.<\/p>\n\n\n\n<p>Este enfoque busca consolidar un entorno digno y funcional que permita el crecimiento integral de las nuevas generaciones, alej\u00e1ndose de promesas superficiales y enfoc\u00e1ndose en resultados tangibles para la comunidad estudiantil.<\/p>\n\n\n\n<p>Al concluir el protocolo c\u00edvico, las autoridades realizaron un recorrido por los alrededores del plantel, espec\u00edficamente sobre la calle de los Constituyentes. Durante el trayecto, el presidente Miguel Varela atendi\u00f3 personalmente la petici\u00f3n de la directora de la instituci\u00f3n, la Profra. Mar\u00eda Elena Villalpando, quien solicit\u00f3 la construcci\u00f3n de una rampa de discapacidad.<\/p>\n\n\n\n<p>Esta obra es prioritaria para garantizar una atenci\u00f3n adecuada y segura tanto al personal docente como a los alumnos que presentan alguna condici\u00f3n de movilidad diferente, reafirmando el compromiso del Ayuntamiento con la inclusi\u00f3n y la eliminaci\u00f3n de barreras arquitect\u00f3nicas en las zonas escolares.<\/p>\n\n\n\n<p><strong>Cierre en Quebradilla evidencia riesgo estructural; Ayuntamiento exige a Jiapaz asumir responsabilidad y actuar de inmediato<\/strong><\/p>\n\n\n<div class=\"wp-block-image\">\n<figure class=\"alignleft size-full is-resized\"><img decoding=\"async\" loading=\"lazy\" src=\"http:\/\/elclarinzacatecano.com\/wp-content\/uploads\/2026\/02\/260226-jiapaz-necesita-arregle-rapido-las-fugas-de-quebradilla.jpg\" alt=\"\" class=\"wp-image-129131\" width=\"480\" height=\"320\" srcset=\"https:\/\/elclarinzacatecano.com\/wp-content\/uploads\/2026\/02\/260226-jiapaz-necesita-arregle-rapido-las-fugas-de-quebradilla.jpg 480w, https:\/\/elclarinzacatecano.com\/wp-content\/uploads\/2026\/02\/260226-jiapaz-necesita-arregle-rapido-las-fugas-de-quebradilla-300x200.jpg 300w\" sizes=\"(max-width: 480px) 100vw, 480px\" \/><\/figure><\/div>\n\n\n<p>El Ayuntamiento de Zacatecas determin\u00f3 el cierre inmediato de la circulaci\u00f3n vehicular en la zona de Quebradilla, luego de constatar da\u00f1os estructurales crecientes asociados a una fuga de agua vinculada a trabajos realizados por la Jiapaz, situaci\u00f3n que hoy representa un riesgo real de socavaci\u00f3n y posible colapso del terreno.<\/p>\n\n\n\n<p>La directora general de Calidad de Vida y Servicios P\u00fablicos, Lupita Flores, inform\u00f3 que la noche del 23 de febrero vecinos reportaron vibraciones inusuales en el piso de la calle, mismas que comenzaron tras la reparaci\u00f3n de una fuga por parte del organismo operador. De acuerdo con los testimonios ciudadanos, personal de la JIAPAZ hab\u00eda asegurado que el problema estaba resuelto; sin embargo, las revisiones municipales confirmaron que las afectaciones persist\u00edan y evolucionaban.<\/p>\n\n\n\n<p>Ingenieros del \u00e1rea de Servicios P\u00fablicos acudieron al sitio y detectaron vibraciones activas en el terreno. En una segunda inspecci\u00f3n se comprob\u00f3 que el deterioro avanz\u00f3 r\u00e1pidamente: el pavimento presenta levantamientos y grietas, la balaustrada central muestra afectaciones y existen indicios claros de socavaci\u00f3n subterr\u00e1nea.<\/p>\n\n\n<div class=\"wp-block-image\">\n<figure class=\"aligncenter size-full\"><img decoding=\"async\" loading=\"lazy\" width=\"600\" height=\"600\" src=\"http:\/\/elclarinzacatecano.com\/wp-content\/uploads\/2026\/02\/260226-mas-cultura-en-la-capital-jueves-de-musica.jpg\" alt=\"\" class=\"wp-image-129130\" srcset=\"https:\/\/elclarinzacatecano.com\/wp-content\/uploads\/2026\/02\/260226-mas-cultura-en-la-capital-jueves-de-musica.jpg 600w, https:\/\/elclarinzacatecano.com\/wp-content\/uploads\/2026\/02\/260226-mas-cultura-en-la-capital-jueves-de-musica-300x300.jpg 300w, https:\/\/elclarinzacatecano.com\/wp-content\/uploads\/2026\/02\/260226-mas-cultura-en-la-capital-jueves-de-musica-150x150.jpg 150w\" sizes=\"(max-width: 600px) 100vw, 600px\" \/><\/figure><\/div>","protected":false},"excerpt":{"rendered":"<p>Zacatecas, Zac.- Como parte del programa \u201cEl Alcalde en tu escuela\u201d, el Presidente Municipal de Zacatecas, Miguel \u00c1ngel Varela Pinedo, encabez\u00f3 la ceremonia de honores a la bandera en el Jard\u00edn de Ni\u00f1os \u201cCitlalli\u201d, ubicado en la colonia Lomas de la Soledad donde se atendieron las necesidades de las instalaciones. En una acci\u00f3n conjunta con [&hellip;]<\/p>\n","protected":false},"author":1,"featured_media":129132,"comment_status":"closed","ping_status":"closed","sticky":true,"template":"","format":"standard","meta":{"om_disable_all_campaigns":false},"categories":[7,1],"tags":[],"_links":{"self":[{"href":"https:\/\/elclarinzacatecano.com\/index.php?rest_route=\/wp\/v2\/posts\/129127"}],"collection":[{"href":"https:\/\/elclarinzacatecano.com\/index.php?rest_route=\/wp\/v2\/posts"}],"about":[{"href":"https:\/\/elclarinzacatecano.com\/index.php?rest_route=\/wp\/v2\/types\/post"}],"author":[{"embeddable":true,"href":"https:\/\/elclarinzacatecano.com\/index.php?rest_route=\/wp\/v2\/users\/1"}],"replies":[{"embeddable":true,"href":"https:\/\/elclarinzacatecano.com\/index.php?rest_route=%2Fwp%2Fv2%2Fcomments&post=129127"}],"version-history":[{"count":2,"href":"https:\/\/elclarinzacatecano.com\/index.php?rest_route=\/wp\/v2\/posts\/129127\/revisions"}],"predecessor-version":[{"id":129134,"href":"https:\/\/elclarinzacatecano.com\/index.php?rest_route=\/wp\/v2\/posts\/129127\/revisions\/129134"}],"wp:featuredmedia":[{"embeddable":true,"href":"https:\/\/elclarinzacatecano.com\/index.php?rest_route=\/wp\/v2\/media\/129132"}],"wp:attachment":[{"href":"https:\/\/elclarinzacatecano.com\/index.php?rest_route=%2Fwp%2Fv2%2Fmedia&parent=129127"}],"wp:term":[{"taxonomy":"category","embeddable":true,"href":"https:\/\/elclarinzacatecano.com\/index.php?rest_route=%2Fwp%2Fv2%2Fcategories&post=129127"},{"taxonomy":"post_tag","embeddable":true,"href":"https:\/\/elclarinzacatecano.com\/index.php?rest_route=%2Fwp%2Fv2%2Ftags&post=129127"}],"curies":[{"name":"wp","href":"https:\/\/api.w.org\/{rel}","templated":true}]}}