{"id":129135,"date":"2026-02-26T07:05:37","date_gmt":"2026-02-26T07:05:37","guid":{"rendered":"https:\/\/elclarinzacatecano.com\/?p=129135"},"modified":"2026-02-26T07:05:37","modified_gmt":"2026-02-26T07:05:37","slug":"alito-moreno-con-el-pais-incendiado-no-es-momento-para-una-reforma-electoral","status":"publish","type":"post","link":"https:\/\/elclarinzacatecano.com\/?p=129135","title":{"rendered":"Alito Moreno: Con el pa\u00eds incendiado, no es momento para una reforma electoral"},"content":{"rendered":"\n<ul>\n<li><em>El Presidente del CEN del PRI dijo que \u201clo que quieren desde el gobierno es ganar a como d\u00e9 lugar las elecciones del 2027\u201d, y adelant\u00f3 que el partido dar\u00e1 el debate y votar\u00e1 en contra.<\/em><\/li>\n\n\n\n<li><em>Adem\u00e1s Carlos Pe\u00f1a se\u00f1ala que est\u00e1n abiertas las puertas del PRI para quien quiera regresar<\/em><\/li>\n<\/ul>\n\n\n\n<p>Al advertir que lo m\u00e1s importante es cuidar la democracia y el sistema democr\u00e1tico, Alejandro Moreno, Presidente del Comit\u00e9 Ejecutivo Nacional (CEN) del Partido Revolucionario Institucional, afirm\u00f3 que, con el pa\u00eds incendiado, hoy no son tiempos para una reforma electoral, por lo que ratific\u00f3 que el PRI ir\u00e1 en contra de la iniciativa que pretende presentar el gobierno de Morena, llamada como la \u201cLey Maduro\u201d, y tampoco la convalidar\u00e1 sent\u00e1ndose a discutirla.<\/p>\n\n\n\n<p>Dijo esperar que recapaciten, porque, adem\u00e1s de que no son tiempos para este tema, es evidente que \u201clo que quieren desde el gobierno es ganar a como d\u00e9 lugar las elecciones del 2027\u201d. Por ello, ratific\u00f3, el PRI dar\u00e1 el debate en el Congreso y a nivel nacional.<\/p>\n\n\n\n<p>El senador y dirigente nacional del tricolor cuestion\u00f3 qui\u00e9n puede pretender hoy una reforma electoral en estos momentos, cuando los temas de M\u00e9xico son otros, ya que \u201cel pa\u00eds est\u00e1 ardiendo\u201d y se les cae a pedazos, porque hay un gobierno de Morena rebasado.<\/p>\n\n\n\n<p>El Presidente Alejandro Moreno dej\u00f3 en claro que, desde el PRI, \u201cnosotros vamos a defender la democracia, vamos a seguir denunciando a nivel nacional y a nivel internacional\u201d.<\/p>\n\n\n\n<p>En entrevista en el marco de la sesi\u00f3n en el Senado, sostuvo que el gobierno no tiene en claro que se tiene que resolver lo que se provoc\u00f3 desde el 2018, con la llegada de Andr\u00e9s Manuel L\u00f3pez Obrador, con la pol\u00edtica de abrazos y no balazos. \u201cAh\u00ed est\u00e1n las consecuencias. Un pa\u00eds incendiado, un pa\u00eds con 252 narco bloqueos, con 56 bancos quemados, con 25 -oficialmente- fallecidos, asesinados, integrantes de nuestras Fuerzas Armadas, de la Guardia Nacional\u201d, dijo, al referirse a los hechos delictivos del pasado domingo, que afectaron varios estados.<\/p>\n\n\n\n<p>Por ello, puntualiz\u00f3 que ante \u201cuna propuesta de ese tama\u00f1o\u201d, la posici\u00f3n del PRI es ir en contra porque es destruir la democracia y dar el paso a una dictadura. \u201cLa posici\u00f3n del PRI ha sido clara y firme en contra de una iniciativa, como se hab\u00eda construido, con esa Ley Maduro. Iremos en contra, porque no esperamos nada bueno\u201d, se\u00f1al\u00f3.<\/p>\n\n\n\n<p>Destac\u00f3 que el PT y el PVEM, aliados de Morena, abiertamente han expresado no estar de acuerdo con una iniciativa de reforma que destruye el sistema de partidos, la participaci\u00f3n pol\u00edtica, la representatividad; vulnera los elementos de competencia pol\u00edtica transparentados en la ley, como el financiamiento, la representaci\u00f3n proporcional, los \u00f3rganos electorales.<\/p>\n\n\n\n<p>Consider\u00f3 que en Morena van a ver es c\u00f3mo llevar la revocaci\u00f3n de mandato al 2027, para que poner la figura de la Presidencia de la Rep\u00fablica en las elecciones, tirar los recursos p\u00fablicos, que los funcionarios p\u00fablicos hagan campa\u00f1a, as\u00ed como mandar la elecci\u00f3n del Poder Judicial al 2028, ajustar en temas electorales y luego irse en leyes secundarias para aplicar la mayor\u00eda simple que tienen.<\/p>\n\n\n\n<p>Sostuvo que eso en nada abona al clima de di\u00e1logo, de acuerdo y de proceso democr\u00e1tico en M\u00e9xico.<\/p>\n\n\n\n<p>Argument\u00f3 que ante la llamada Ley Maduro no puede haber medias tintas. \u201cAqu\u00ed el partido pol\u00edtico de oposici\u00f3n que vaya con una iniciativa de reforma electoral que ser\u00eda la Ley Maduro, que es destruir el sistema democr\u00e1tico, que es destruir la representaci\u00f3n de los partidos, es porque est\u00e1n arrodillados y le tienen miedo al gobierno\u201d.<\/p>\n\n\n\n<p>Asegur\u00f3 que \u201ceso ser\u00eda cobarde; incluso, no solo que voten, que se sienten, porque ya les dije, hay muchos de la oposici\u00f3n, claro, no del PRI, del PAN o del MC, que andan de prontitos ah\u00ed siempre, saliendo a ver c\u00f3mo quedan bien con el gobierno\u201d.<\/p>\n\n\n\n<p><strong>REITERO EL PRI TIENE LAS PUERTAS ABIERTAS PARA QUIEN QUIERA REGRESAR: CARLOS PE\u00d1A<\/strong><\/p>\n\n\n\n<figure class=\"wp-block-image size-large is-resized\"><img decoding=\"async\" loading=\"lazy\" src=\"http:\/\/elclarinzacatecano.com\/wp-content\/uploads\/2026\/02\/WhatsApp-Image-2026-02-25-at-12.08.39-PM-1024x768.jpeg\" alt=\"\" class=\"wp-image-129137\" width=\"842\" height=\"632\" srcset=\"https:\/\/elclarinzacatecano.com\/wp-content\/uploads\/2026\/02\/WhatsApp-Image-2026-02-25-at-12.08.39-PM-1024x768.jpeg 1024w, https:\/\/elclarinzacatecano.com\/wp-content\/uploads\/2026\/02\/WhatsApp-Image-2026-02-25-at-12.08.39-PM-300x225.jpeg 300w, https:\/\/elclarinzacatecano.com\/wp-content\/uploads\/2026\/02\/WhatsApp-Image-2026-02-25-at-12.08.39-PM-768x576.jpeg 768w, https:\/\/elclarinzacatecano.com\/wp-content\/uploads\/2026\/02\/WhatsApp-Image-2026-02-25-at-12.08.39-PM.jpeg 1280w\" sizes=\"(max-width: 842px) 100vw, 842px\" \/><\/figure>\n\n\n\n<p>En el marco de los trabajos internos y los preparativos para el proceso electoral del pr\u00f3ximo a\u00f1o, el Presidente estatal del PRI, Carlos Pe\u00f1a Badillo, reiter\u00f3 hoy que el partido tiene sus puertas abiertas para quienes quieran regresar a trabajar en su consolidaci\u00f3n, e incluso, para quienes busquen acceder a alg\u00fan puesto de elecci\u00f3n popular.<\/p>\n\n\n\n<p>Como parte de los trabajos institucionales, agreg\u00f3 Pe\u00f1a Badillo, estamos en un programa permanente de afiliaci\u00f3n y sumando a todos los priistas y simpatizantes que quieran trabajar en el proyecto que en el 2027 buscar\u00e1 ganar la gubernatura del Estado.<\/p>\n\n\n\n<p>Sin embargo, es deber de la actual dirigencia buscar un trato digno para los priistas que hoy tienen militancia y construyen partido, porque tenemos la convicci\u00f3n que el PRI, como cualquier partido pol\u00edtico en funciones, necesita de todas y de todos.<\/p>\n\n\n\n<p>Esto significa que hay respeto para todos los que hoy no quieran acercarse a esta dirigencia, les ofrecemos respeto, pero tenemos que avanzar con ellos o son ellos, ya que en este partido hoy no se aceptan condicionamientos, ni podemos ser omisos ante aquellos que ya se fueron, que respaldaron a otras opciones pol\u00edticas, o que simplemente ya cambiaron de camiseta.<\/p>\n\n\n\n<p>Lo he dicho en otras ocasiones y hoy lo repito, dijo Carlos Pe\u00f1a Badillo, que en este partido no queremos a los busca chambas, a los oportunistas que estuvieron aqu\u00ed mientras estaban contemplados en las n\u00f3minas, y que cuando ya no obtuvieron recursos, abandonaron a la instituci\u00f3n para ir a buscar mejores oportunidades o condiciones m\u00e1s acordes a su conveniencia.<\/p>\n\n\n\n<p>Por eso hoy queremos priistas de convicci\u00f3n, con lealtad y gratitud, pero, sin embargo, no forzamos a nadie, pero s\u00ed invitamos a todos. Se acerca y se afilia, o refrenda su militancia quien as\u00ed lo desea, ya que el partido es m\u00e1s que cualquier persona, o cualquier dirigencia. El PRI lo conformamos miles de priistas y estamos trabajando para que se sumen muchos m\u00e1s y tengamos un proyecto s\u00f3lido, que sea el m\u00e1s competitivo, el m\u00e1s grande y el de mejores n\u00fameros, para sentarnos a dialogar con todos aquellos dirigentes de otras opciones pol\u00edticas que entiendan el momento cr\u00edtico de Zacatecas, que adviertan la gran oportunidad electoral, para vencer a Morena y recuperar el gobierno del estado y darle un nuevo rumbo y un progreso real.<\/p>\n","protected":false},"excerpt":{"rendered":"<p>Al advertir que lo m\u00e1s importante es cuidar la democracia y el sistema democr\u00e1tico, Alejandro Moreno, Presidente del Comit\u00e9 Ejecutivo Nacional (CEN) del Partido Revolucionario Institucional, afirm\u00f3 que, con el pa\u00eds incendiado, hoy no son tiempos para una reforma electoral, por lo que ratific\u00f3 que el PRI ir\u00e1 en contra de la iniciativa que pretende [&hellip;]<\/p>\n","protected":false},"author":1,"featured_media":129136,"comment_status":"closed","ping_status":"closed","sticky":true,"template":"","format":"standard","meta":{"om_disable_all_campaigns":false},"categories":[1],"tags":[],"_links":{"self":[{"href":"https:\/\/elclarinzacatecano.com\/index.php?rest_route=\/wp\/v2\/posts\/129135"}],"collection":[{"href":"https:\/\/elclarinzacatecano.com\/index.php?rest_route=\/wp\/v2\/posts"}],"about":[{"href":"https:\/\/elclarinzacatecano.com\/index.php?rest_route=\/wp\/v2\/types\/post"}],"author":[{"embeddable":true,"href":"https:\/\/elclarinzacatecano.com\/index.php?rest_route=\/wp\/v2\/users\/1"}],"replies":[{"embeddable":true,"href":"https:\/\/elclarinzacatecano.com\/index.php?rest_route=%2Fwp%2Fv2%2Fcomments&post=129135"}],"version-history":[{"count":1,"href":"https:\/\/elclarinzacatecano.com\/index.php?rest_route=\/wp\/v2\/posts\/129135\/revisions"}],"predecessor-version":[{"id":129138,"href":"https:\/\/elclarinzacatecano.com\/index.php?rest_route=\/wp\/v2\/posts\/129135\/revisions\/129138"}],"wp:featuredmedia":[{"embeddable":true,"href":"https:\/\/elclarinzacatecano.com\/index.php?rest_route=\/wp\/v2\/media\/129136"}],"wp:attachment":[{"href":"https:\/\/elclarinzacatecano.com\/index.php?rest_route=%2Fwp%2Fv2%2Fmedia&parent=129135"}],"wp:term":[{"taxonomy":"category","embeddable":true,"href":"https:\/\/elclarinzacatecano.com\/index.php?rest_route=%2Fwp%2Fv2%2Fcategories&post=129135"},{"taxonomy":"post_tag","embeddable":true,"href":"https:\/\/elclarinzacatecano.com\/index.php?rest_route=%2Fwp%2Fv2%2Ftags&post=129135"}],"curies":[{"name":"wp","href":"https:\/\/api.w.org\/{rel}","templated":true}]}}