{"id":129143,"date":"2026-02-27T05:51:52","date_gmt":"2026-02-27T05:51:52","guid":{"rendered":"https:\/\/elclarinzacatecano.com\/?p=129143"},"modified":"2026-02-27T05:51:52","modified_gmt":"2026-02-27T05:51:52","slug":"zacatecas-capital-refuerza-su-tejido-productivo-con-programa-para-mipymes","status":"publish","type":"post","link":"https:\/\/elclarinzacatecano.com\/?p=129143","title":{"rendered":"Zacatecas Capital refuerza su tejido productivo con programa para MIPYMES"},"content":{"rendered":"\n<ul>\n<li><em>El programa Emprende y Crece mi Pyme, dirigido a emprendedores y a micro, peque\u00f1as y medianas empresas que buscan consolidarse en el mercado<\/em><\/li>\n\n\n\n<li><em>Adem\u00e1s, trabaja la capital por el futuro profesional de la juventud zacatecana<\/em><\/li>\n<\/ul>\n\n\n\n<p>Con el objetivo de fortalecer la econom\u00eda local y respaldar a los peque\u00f1os negocios, el Ayuntamiento de Zacatecas, encabezado por el presidente municipal Miguel Varela Pinedo, puso en marcha el programa Emprende y Crece mi Pyme, dirigido a emprendedores y a micro, peque\u00f1as y medianas empresas que buscan consolidarse en el mercado.<\/p>\n\n\n\n<p>El titular del Departamento de Fomento Econ\u00f3mico, Antonio Salazar Valdez, explic\u00f3 que la estrategia est\u00e1 orientada a mejorar la productividad de los negocios mediante la adquisici\u00f3n de equipo, insumos o mercanc\u00eda. Se\u00f1al\u00f3 que el prop\u00f3sito es que los establecimientos puedan modernizarse, optimizar sus procesos y fortalecer su capacidad de crecimiento.<\/p>\n\n\n\n<p>El apoyo se otorga bajo el esquema \u201cpeso a peso\u201d, mediante el cual el municipio aporta hasta 25 mil pesos por beneficiario, con un monto conjunto m\u00e1ximo de 50 mil pesos. En casos de inversi\u00f3n menor, la aportaci\u00f3n se divide en partes iguales entre el gobierno municipal y el solicitante.<\/p>\n\n\n\n<p>Adem\u00e1s del respaldo econ\u00f3mico, el programa contempla capacitaci\u00f3n empresarial. Los negocios ya establecidos deber\u00e1n cursar una formaci\u00f3n de ocho horas, mientras que quienes buscan iniciar uno recibir\u00e1n capacitaci\u00f3n adicional para facilitar su formalizaci\u00f3n, administraci\u00f3n y desarrollo comercial.<\/p>\n\n\n\n<p>La administraci\u00f3n municipal destinar\u00e1 inicialmente 200 mil pesos al programa, cantidad que podr\u00eda duplicarse con la aportaci\u00f3n de los beneficiarios y alcanzar una bolsa cercana a los 400 mil pesos.<\/p>\n\n\n\n<p>Salazar Valdez subray\u00f3 que fortalecer a las empresas locales resulta fundamental para la estabilidad econ\u00f3mica de la capital, al se\u00f1alar que Zacatecas cuenta con m\u00e1s de nueve mil unidades econ\u00f3micas cuya actividad se concentra principalmente en el comercio y los servicios.<\/p>\n\n\n\n<p>A\u00f1adi\u00f3 que uno de los objetivos centrales es apoyar a los negocios durante su etapa m\u00e1s vulnerable, particularmente entre los seis y los 18 meses de operaci\u00f3n, periodo en el que muchos enfrentan dificultades para mantenerse activos.<\/p>\n\n\n\n<p>Entre los requisitos para participar se encuentran CURP, constancia de situaci\u00f3n fiscal, comprobante de domicilio y, en el caso de nuevos emprendimientos, carta compromiso para registrarse ante el Servicio de Administraci\u00f3n Tributaria.<\/p>\n\n\n\n<p>Las y los interesados pueden acudir a la Direcci\u00f3n General de Innovaci\u00f3n y Desarrollo Econ\u00f3mico Sustentable para iniciar su registro.<\/p>\n\n\n\n<p>Como parte de su pol\u00edtica de desarrollo econ\u00f3mico, el Ayuntamiento de Zacatecas continuar\u00e1 impulsando programas que promuevan la formalidad, la innovaci\u00f3n y la competitividad de los negocios locales, convencido de que el fortalecimiento de las MIPYMES no solo genera empleo, sino que tambi\u00e9n dinamiza la econom\u00eda, fomenta el consumo interno y contribuye a mejorar las condiciones de vida de las familias zacatecanas.<\/p>\n\n\n\n<p><strong>TRABAJA LA CAPITAL POR EL FUTURO PROFESIONAL DE LA JUVENTUD ZACATECANA<\/strong><\/p>\n\n\n\n<figure class=\"wp-block-image size-large\"><img decoding=\"async\" loading=\"lazy\" width=\"1024\" height=\"683\" src=\"https:\/\/elclarinzacatecano.com\/wp-content\/uploads\/2026\/02\/270226-MVP-la-juventud-tiene-oportunidades-y-se-las-ofrecemos-1024x683.jpg\" alt=\"\" class=\"wp-image-129146\" srcset=\"https:\/\/elclarinzacatecano.com\/wp-content\/uploads\/2026\/02\/270226-MVP-la-juventud-tiene-oportunidades-y-se-las-ofrecemos-1024x683.jpg 1024w, https:\/\/elclarinzacatecano.com\/wp-content\/uploads\/2026\/02\/270226-MVP-la-juventud-tiene-oportunidades-y-se-las-ofrecemos-300x200.jpg 300w, https:\/\/elclarinzacatecano.com\/wp-content\/uploads\/2026\/02\/270226-MVP-la-juventud-tiene-oportunidades-y-se-las-ofrecemos-768x512.jpg 768w, https:\/\/elclarinzacatecano.com\/wp-content\/uploads\/2026\/02\/270226-MVP-la-juventud-tiene-oportunidades-y-se-las-ofrecemos.jpg 1280w\" sizes=\"(max-width: 1024px) 100vw, 1024px\" \/><\/figure>\n\n\n\n<p>Bajo la visi\u00f3n estrat\u00e9gica del alcalde Miguel Varela, el Ayuntamiento de Zacatecas ha consolidado un frente s\u00f3lido para respaldar a las nuevas generaciones en la toma de decisiones que marcar\u00e1n su destino acad\u00e9mico y laboral. A trav\u00e9s del \u00e1rea de Solidaridad y Desarrollo Humano, liderada por la maestra Nancy Espinoza, se ha desplegado una jornada intensiva de las &#8220;Expo Orienta&#8221; en diversos planteles de la capital.<\/p>\n\n\n\n<p>Estas acciones, coordinadas por el Departamento de la Juventud a cargo de Ra\u00fal Calcanat, tienen como objetivo primordial brindar a los estudiantes las herramientas necesarias para que su transici\u00f3n a la educaci\u00f3n superior sea informada, segura y con una proyecci\u00f3n de \u00e9xito profesional.<\/p>\n\n\n\n<p>Los eventos se llevaron a cabo en diferentes universidades, donde se sumaron esfuerzos institucionales para ofrecer un panorama amplio del entorno actual.<\/p>\n\n\n\n<p>Ra\u00fal Calcanat inform\u00f3 que el recorrido impact\u00f3 positivamente en cinco planteles clave: la Preparatoria No. 4 de la Universidad Aut\u00f3noma de Zacatecas, el Colegio de Bachilleres, el CBTIS 23 y el Liceo de Guadalupe. En estos espacios, la administraci\u00f3n capitalina no solo present\u00f3 opciones educativas, sino que integr\u00f3 una formaci\u00f3n integral que permite a los j\u00f3venes zacatecanos fortalecer su criterio y competitividad ante los retos de la vida adulta.<\/p>\n\n\n\n<p>En un esfuerzo conjunto con el Tec de Monterrey, la Universidad de la Veracruz, el Polit\u00e9cnico de Zacatecas, el Instituto Tecnol\u00f3gico de Zacatecas y la Universidad Aut\u00f3noma de Durango Campus Zacatecas, se ofrecieron charlas especializadas que trascendieron la oferta acad\u00e9mica tradicional.<\/p>\n\n\n\n<p>Los j\u00f3venes recibieron capacitaci\u00f3n en temas fundamentales como emprendimiento, creaci\u00f3n de empresas, prevenci\u00f3n del bullying y atenci\u00f3n al acoso sexual, asegurando as\u00ed un entorno de aprendizaje sano y una mentalidad enfocada en el liderazgo y la responsabilidad social.<\/p>\n\n\n\n<p>Estas acciones reflejan el compromiso del alcalde Miguel Varela por favorecer al sector joven, garantizando que el talento local cuente con el respaldo de su gobierno para integrarse con fuerza al sector productivo. Al dotar a los estudiantes de conocimientos pr\u00e1cticos y te\u00f3ricos, el Ayuntamiento de Zacatecas reafirma su papel como facilitador del crecimiento personal y profesional para las y los zacatecanos.<\/p>\n","protected":false},"excerpt":{"rendered":"<p>Con el objetivo de fortalecer la econom\u00eda local y respaldar a los peque\u00f1os negocios, el Ayuntamiento de Zacatecas, encabezado por el presidente municipal Miguel Varela Pinedo, puso en marcha el programa Emprende y Crece mi Pyme, dirigido a emprendedores y a micro, peque\u00f1as y medianas empresas que buscan consolidarse en el mercado. El titular del [&hellip;]<\/p>\n","protected":false},"author":1,"featured_media":129144,"comment_status":"closed","ping_status":"closed","sticky":true,"template":"","format":"standard","meta":{"om_disable_all_campaigns":false},"categories":[1],"tags":[],"_links":{"self":[{"href":"https:\/\/elclarinzacatecano.com\/index.php?rest_route=\/wp\/v2\/posts\/129143"}],"collection":[{"href":"https:\/\/elclarinzacatecano.com\/index.php?rest_route=\/wp\/v2\/posts"}],"about":[{"href":"https:\/\/elclarinzacatecano.com\/index.php?rest_route=\/wp\/v2\/types\/post"}],"author":[{"embeddable":true,"href":"https:\/\/elclarinzacatecano.com\/index.php?rest_route=\/wp\/v2\/users\/1"}],"replies":[{"embeddable":true,"href":"https:\/\/elclarinzacatecano.com\/index.php?rest_route=%2Fwp%2Fv2%2Fcomments&post=129143"}],"version-history":[{"count":2,"href":"https:\/\/elclarinzacatecano.com\/index.php?rest_route=\/wp\/v2\/posts\/129143\/revisions"}],"predecessor-version":[{"id":129147,"href":"https:\/\/elclarinzacatecano.com\/index.php?rest_route=\/wp\/v2\/posts\/129143\/revisions\/129147"}],"wp:featuredmedia":[{"embeddable":true,"href":"https:\/\/elclarinzacatecano.com\/index.php?rest_route=\/wp\/v2\/media\/129144"}],"wp:attachment":[{"href":"https:\/\/elclarinzacatecano.com\/index.php?rest_route=%2Fwp%2Fv2%2Fmedia&parent=129143"}],"wp:term":[{"taxonomy":"category","embeddable":true,"href":"https:\/\/elclarinzacatecano.com\/index.php?rest_route=%2Fwp%2Fv2%2Fcategories&post=129143"},{"taxonomy":"post_tag","embeddable":true,"href":"https:\/\/elclarinzacatecano.com\/index.php?rest_route=%2Fwp%2Fv2%2Ftags&post=129143"}],"curies":[{"name":"wp","href":"https:\/\/api.w.org\/{rel}","templated":true}]}}