{"id":129155,"date":"2026-03-03T08:16:04","date_gmt":"2026-03-03T08:16:04","guid":{"rendered":"https:\/\/elclarinzacatecano.com\/?p=129155"},"modified":"2026-03-03T08:16:04","modified_gmt":"2026-03-03T08:16:04","slug":"lxv-legislatura-priista-presenta-su-agenda-legislativa","status":"publish","type":"post","link":"https:\/\/elclarinzacatecano.com\/?p=129155","title":{"rendered":"LXV Legislatura Priista presenta su Agenda Legislativa"},"content":{"rendered":"\n<ul>\n<li><em>con visi\u00f3n incluyente, propositiva y de alto compromiso social, los diputados del pri presentan su agenda legislativa<\/em><\/li>\n<\/ul>\n\n\n\n<p>Al inicio del Segundo Periodo Ordinario de Sesiones dentro del Segundo A\u00f1o de Ejercicio Constitucional, los Diputados integrantes de la Fracci\u00f3n Parlamentaria del PRI en la LXV Legislatura, presentaron su agenda de trabajo que contiene iniciativas y proyectos de inclusi\u00f3n, de servicio a la comunidad y de compromiso con todos los zacatecanos.<\/p>\n\n\n\n<p>De acuerdo al orden de presentaci\u00f3n, el Diputado Roberto Lamas Alvarado expuso sus propuestas para reforzar la relaci\u00f3n binacional M\u00e9xico-Estados Unidos, proteger a nuestros paisanos en el pa\u00eds vecino y buscar dar mayor respaldo a las familias de migrantes en los temas de educaci\u00f3n, cultura general, idiomas, particularmente en ingl\u00e9s, y respaldar y proponer iniciativas para consolidar un mejor desarrollo para las comunidades rurales.<\/p>\n\n\n\n<p>Por su parte, la Diputada Dayanne Cruz Hern\u00e1ndez propuso trabajar una iniciativa para mejorar el turismo en todas sus vertientes y mejorar la movilidad, tanto en la capital como en los municipios m\u00e1s importantes, principalmente los de su distrito, aprovechando que forma parte de la Comisi\u00f3n de Movilidad y Obras P\u00fablicas.<\/p>\n\n\n\n<p>El Diputado David Gonz\u00e1lez Hern\u00e1ndez se propone hacer una nueva Ley del Voluntariado y una nueva reforma para regular los bloqueos carreteros, que tanto afectan a los municipios cuando sus habitantes buscan hacer tr\u00e1mites en las distintas dependencias del Estado, pero no pueden hacerlo porque las carreteras est\u00e1n bloqueadas.<\/p>\n\n\n\n<p>Asimismo, buscar\u00e1 colaborar para resolver distintos casos de violencia patrimonial a los adultos mayores y lograr que el artista Juan Manuel de la Rosa tenga su nombre en las paredes del Congreso del Estado, como una iniciativa m\u00e1s de difusi\u00f3n cultural y, por otra parte, el Diputado David Gonz\u00e1lez tambi\u00e9n insistiera en qu\u00e9 se repare la carretera 54 que va de Zacatecas a Saltillo.<\/p>\n\n\n\n<p>A su vez, la Diputada Isadora Santiva\u00f1ez R\u00edos inform\u00f3 que seguir\u00e1 en la defensa de las mujeres y de las infancias, buscando protecci\u00f3n en todos sus aspectos, incluyendo la tecnolog\u00eda de la Inteligencia Artificial.<\/p>\n\n\n\n<p>Adem\u00e1s, insistir\u00e1 en la aplicaci\u00f3n de la Ley Vicar\u00eda y tambi\u00e9n buscar\u00e1 mayores agravantes para los feminicidas y legislar entorno a las paternidades ausentes, para que se castiguen como delitos graves, en virtud de la gran cantidad de padres que simplemente dejan en abandono a sus familias. Todo su trabajo se centrar\u00e1 en legislar con justicia e igualdad.<\/p>\n\n\n\n<p>Finalmente, el Diputado Coordinador de la Fracci\u00f3n Priista, Carlos Pe\u00f1a Badillo, expuso su preocupaci\u00f3n por las auditor\u00edas que se anunciaron para los municipios de Fresnillo y Zacatecas, que sin duda tienen indicaci\u00f3n pol\u00edtica. Agreg\u00f3 que trabajar\u00e1 en una iniciativa de ley para renovar la Auditor\u00eda Superior y trabajar\u00e1 una reforma para el ISSSTEZAC, porque la actual se encuentra rebasada.<\/p>\n\n\n\n<p>Es necesario, dijo Pe\u00f1a Badillo, trabajar en este y muchos otros temas que tienen que ver con las preocupaciones de los zacatecanos, con sus demandas y con problemas muy concretos generados por la desatenci\u00f3n del gobierno. Ser\u00e1 un periodo legislativo de intenso trabajo en el que el PRI estar\u00e1 a la vanguardia, con posicionamientos cr\u00edticos, prop\u00f3sitos, de inclusi\u00f3n y de compromiso real con todos los zacatecanos.<\/p>\n","protected":false},"excerpt":{"rendered":"<p>Al inicio del Segundo Periodo Ordinario de Sesiones dentro del Segundo A\u00f1o de Ejercicio Constitucional, los Diputados integrantes de la Fracci\u00f3n Parlamentaria del PRI en la LXV Legislatura, presentaron su agenda de trabajo que contiene iniciativas y proyectos de inclusi\u00f3n, de servicio a la comunidad y de compromiso con todos los zacatecanos. De acuerdo al [&hellip;]<\/p>\n","protected":false},"author":1,"featured_media":129156,"comment_status":"closed","ping_status":"closed","sticky":true,"template":"","format":"standard","meta":{"om_disable_all_campaigns":false},"categories":[1,8],"tags":[],"_links":{"self":[{"href":"https:\/\/elclarinzacatecano.com\/index.php?rest_route=\/wp\/v2\/posts\/129155"}],"collection":[{"href":"https:\/\/elclarinzacatecano.com\/index.php?rest_route=\/wp\/v2\/posts"}],"about":[{"href":"https:\/\/elclarinzacatecano.com\/index.php?rest_route=\/wp\/v2\/types\/post"}],"author":[{"embeddable":true,"href":"https:\/\/elclarinzacatecano.com\/index.php?rest_route=\/wp\/v2\/users\/1"}],"replies":[{"embeddable":true,"href":"https:\/\/elclarinzacatecano.com\/index.php?rest_route=%2Fwp%2Fv2%2Fcomments&post=129155"}],"version-history":[{"count":2,"href":"https:\/\/elclarinzacatecano.com\/index.php?rest_route=\/wp\/v2\/posts\/129155\/revisions"}],"predecessor-version":[{"id":129175,"href":"https:\/\/elclarinzacatecano.com\/index.php?rest_route=\/wp\/v2\/posts\/129155\/revisions\/129175"}],"wp:featuredmedia":[{"embeddable":true,"href":"https:\/\/elclarinzacatecano.com\/index.php?rest_route=\/wp\/v2\/media\/129156"}],"wp:attachment":[{"href":"https:\/\/elclarinzacatecano.com\/index.php?rest_route=%2Fwp%2Fv2%2Fmedia&parent=129155"}],"wp:term":[{"taxonomy":"category","embeddable":true,"href":"https:\/\/elclarinzacatecano.com\/index.php?rest_route=%2Fwp%2Fv2%2Fcategories&post=129155"},{"taxonomy":"post_tag","embeddable":true,"href":"https:\/\/elclarinzacatecano.com\/index.php?rest_route=%2Fwp%2Fv2%2Ftags&post=129155"}],"curies":[{"name":"wp","href":"https:\/\/api.w.org\/{rel}","templated":true}]}}