{"id":129169,"date":"2026-03-03T08:43:27","date_gmt":"2026-03-03T08:43:27","guid":{"rendered":"https:\/\/elclarinzacatecano.com\/?p=129169"},"modified":"2026-03-03T08:43:27","modified_gmt":"2026-03-03T08:43:27","slug":"sma-reforma-electoral-menos-privilegios-mas-territorio-y-mayor-austeridad","status":"publish","type":"post","link":"https:\/\/elclarinzacatecano.com\/?p=129169","title":{"rendered":"SMA: \u201cReforma Electoral menos privilegios, m\u00e1s territorio y mayor austeridad\u201d"},"content":{"rendered":"\n<ul>\n<li><em>Morena respalda La Reforma Electoral de Claudia Sheinbaum<\/em><\/li>\n\n\n\n<li><em>La reforma contempla la iniciativa presidencial y llama a PT y PVEM a construir mayor\u00eda constitucional; la reducci\u00f3n de plurinominales, financiamiento y gasto electoral; fiscalizaci\u00f3n m\u00e1s estricta.<\/em><\/li>\n<\/ul>\n\n\n\n<p>Desde el Senado de la Rep\u00fablica, el senador Sa\u00fal Monreal fij\u00f3 postura clara a favor de la reforma constitucional en materia electoral impulsada por la presidenta Claudia Sheinbaum, destacando que se trata de un cambio de gran calado que fortalece el federalismo, reduce privilegios y consolida la austeridad republicana.<\/p>\n\n\n\n<p>Fortalecimiento del federalismo y fin a privilegios. El legislador explic\u00f3 que la propuesta elimina las senadur\u00edas plurinominales, dejando \u00fanicamente las de mayor\u00eda relativa y primera minor\u00eda, recuperando as\u00ed la esencia del Senado como \u00f3rgano representativo del pacto federal entre entidades.<\/p>\n\n\n\n<p>Asimismo, se contempla: Regulaci\u00f3n y homologaci\u00f3n de salarios en congresos locales, Ajustes en la integraci\u00f3n de cabildos, con un tope de hasta 15 regidur\u00edas seg\u00fan poblaci\u00f3n.<\/p>\n\n\n\n<p>Reducci\u00f3n del n\u00famero de legisladores federales. \u201cSe busca que quienes aspiren a un cargo vayan al territorio, hagan trabajo directo con la ciudadan\u00eda y no dependan de listas plurinominales como premio partidista\u201d, sostuvo.<\/p>\n\n\n\n<p><strong>Austeridad y reducci\u00f3n del gasto electoral<\/strong><\/p>\n\n\n\n<p>La reforma plantea una disminuci\u00f3n de hasta 25% en el financiamiento a partidos pol\u00edticos y ajustes presupuestales al Instituto Nacional Electoral, al Tribunal Electoral y a los organismos p\u00fablicos locales electorales (OPLEs), evitando duplicidades y empalmando procesos electorales para reducir costos.<\/p>\n\n\n\n<p>Monreal subray\u00f3 que en el pasado se incrementaron nuevamente los presupuestos legislativos tras reducciones temporales, por lo que ahora la disminuci\u00f3n quedar\u00eda establecida en la Constituci\u00f3n.<\/p>\n\n\n\n<p>\u201cSe trata no solo de ahorrar, sino de ordenar y hacer eficiente el gasto p\u00fablico en materia electoral\u201d, puntualiz\u00f3.<\/p>\n\n\n\n<p><strong>Blindaje contra dinero il\u00edcito<\/strong><\/p>\n\n\n\n<p>Ante se\u00f1alamientos de la oposici\u00f3n, el senador asegur\u00f3 que el sistema electoral mexicano ya cuenta con mecanismos robustos de fiscalizaci\u00f3n, y que la reforma fortalecer\u00e1 esa vigilancia mediante coordinaci\u00f3n directa con el SAT y la Unidad de Inteligencia Financiera.<\/p>\n\n\n\n<p>Se refuerzan topes de campa\u00f1a.<\/p>\n\n\n\n<p>Se eliminan esquemas opacos.<\/p>\n\n\n\n<p>Se proh\u00edbe el uso de efectivo en financiamiento electoral.<\/p>\n\n\n\n<p>Se endurecen sanciones que pueden llegar a la cancelaci\u00f3n de registros.<\/p>\n\n\n\n<p>\u201cLas elecciones est\u00e1n blindadas y lo estar\u00e1n a\u00fan m\u00e1s; no hay espacio para recursos il\u00edcitos\u201d, afirm\u00f3.<\/p>\n\n\n\n<p>Construcci\u00f3n de mayor\u00eda constitucional<\/p>\n\n\n\n<p>El Grupo Parlamentario de Morena ha expresado su respaldo total a la iniciativa. El senador hizo un llamado respetuoso al Partido del Trabajo y al Partido Verde Ecologista de M\u00e9xico para consolidar la mayor\u00eda calificada necesaria.<\/p>\n\n\n\n<p>Record\u00f3 que en legislaturas anteriores se han logrado m\u00e1s de 24 reformas constitucionales en alianza, por lo que confi\u00f3 en que prevalecer\u00e1 la responsabilidad pol\u00edtica.<\/p>\n\n\n\n<p>\u201cSer\u00e1n d\u00edas intensos de debate en comisiones y en el pleno. Estamos convencidos de que esta reforma beneficiar\u00e1 a la democracia, a la ciudadan\u00eda y colocar\u00e1 a M\u00e9xico a la vanguardia\u201d, concluy\u00f3.<\/p>\n","protected":false},"excerpt":{"rendered":"<p>Desde el Senado de la Rep\u00fablica, el senador Sa\u00fal Monreal fij\u00f3 postura clara a favor de la reforma constitucional en materia electoral impulsada por la presidenta Claudia Sheinbaum, destacando que se trata de un cambio de gran calado que fortalece el federalismo, reduce privilegios y consolida la austeridad republicana. Fortalecimiento del federalismo y fin a [&hellip;]<\/p>\n","protected":false},"author":1,"featured_media":129170,"comment_status":"closed","ping_status":"closed","sticky":true,"template":"","format":"standard","meta":{"om_disable_all_campaigns":false},"categories":[1],"tags":[],"_links":{"self":[{"href":"https:\/\/elclarinzacatecano.com\/index.php?rest_route=\/wp\/v2\/posts\/129169"}],"collection":[{"href":"https:\/\/elclarinzacatecano.com\/index.php?rest_route=\/wp\/v2\/posts"}],"about":[{"href":"https:\/\/elclarinzacatecano.com\/index.php?rest_route=\/wp\/v2\/types\/post"}],"author":[{"embeddable":true,"href":"https:\/\/elclarinzacatecano.com\/index.php?rest_route=\/wp\/v2\/users\/1"}],"replies":[{"embeddable":true,"href":"https:\/\/elclarinzacatecano.com\/index.php?rest_route=%2Fwp%2Fv2%2Fcomments&post=129169"}],"version-history":[{"count":1,"href":"https:\/\/elclarinzacatecano.com\/index.php?rest_route=\/wp\/v2\/posts\/129169\/revisions"}],"predecessor-version":[{"id":129171,"href":"https:\/\/elclarinzacatecano.com\/index.php?rest_route=\/wp\/v2\/posts\/129169\/revisions\/129171"}],"wp:featuredmedia":[{"embeddable":true,"href":"https:\/\/elclarinzacatecano.com\/index.php?rest_route=\/wp\/v2\/media\/129170"}],"wp:attachment":[{"href":"https:\/\/elclarinzacatecano.com\/index.php?rest_route=%2Fwp%2Fv2%2Fmedia&parent=129169"}],"wp:term":[{"taxonomy":"category","embeddable":true,"href":"https:\/\/elclarinzacatecano.com\/index.php?rest_route=%2Fwp%2Fv2%2Fcategories&post=129169"},{"taxonomy":"post_tag","embeddable":true,"href":"https:\/\/elclarinzacatecano.com\/index.php?rest_route=%2Fwp%2Fv2%2Ftags&post=129169"}],"curies":[{"name":"wp","href":"https:\/\/api.w.org\/{rel}","templated":true}]}}