{"id":129182,"date":"2026-03-09T07:54:19","date_gmt":"2026-03-09T07:54:19","guid":{"rendered":"https:\/\/elclarinzacatecano.com\/?p=129182"},"modified":"2026-03-09T07:54:19","modified_gmt":"2026-03-09T07:54:19","slug":"morena-define-criterios-y-calendario-para-la-seleccion-de-perfiles-rumbo-a-2027","status":"publish","type":"post","link":"https:\/\/elclarinzacatecano.com\/?p=129182","title":{"rendered":"Morena define criterios y calendario para la selecci\u00f3n de perfiles rumbo a 2027"},"content":{"rendered":"\n<ul>\n<li><em>UMH; el proceso interno se realizar\u00e1 bajo un m\u00e9todo democr\u00e1tico basado en encuestas, con el objetivo de que los perfiles que representen al movimiento surjan del reconocimiento ciudadano<\/em><\/li>\n<\/ul>\n\n\n\n<p>Cd de M\u00e9xico.\u2013 Durante la VII Sesi\u00f3n Ordinaria del Consejo Nacional de Morena, se delinearon los criterios generales, el m\u00e9todo de selecci\u00f3n y el calendario preliminar para elegir a las coordinadoras y coordinadores en defensa de la transformaci\u00f3n, quienes tendr\u00e1n la responsabilidad de fortalecer la organizaci\u00f3n territorial del movimiento rumbo al proceso de renovaci\u00f3n de encargos p\u00fablicos de 2027.<\/p>\n\n\n\n<p>En la sesi\u00f3n se explic\u00f3 que el proceso interno se realizar\u00e1 bajo un m\u00e9todo democr\u00e1tico basado en encuestas, con el objetivo de que los perfiles que representen al movimiento surjan del reconocimiento ciudadano, del trabajo territorial y del compromiso con los principios de la Cuarta Transformaci\u00f3n.<\/p>\n\n\n\n<p>De acuerdo con lo planteado, el procedimiento iniciar\u00e1 con la emisi\u00f3n de las convocatorias por parte del Comit\u00e9 Ejecutivo Nacional, a propuesta de la Comisi\u00f3n Nacional de Elecciones, donde se establecer\u00e1n los requisitos, plazos y bases espec\u00edficas para cada \u00e1mbito territorial.<\/p>\n\n\n\n<p>El proceso contempla la elecci\u00f3n de coordinaciones en distintos niveles:<\/p>\n\n\n\n<figure class=\"wp-block-image size-large\"><img decoding=\"async\" loading=\"lazy\" width=\"1024\" height=\"683\" src=\"http:\/\/elclarinzacatecano.com\/wp-content\/uploads\/2026\/03\/090326-morena-listo-1024x683.jpg\" alt=\"\" class=\"wp-image-129186\" srcset=\"https:\/\/elclarinzacatecano.com\/wp-content\/uploads\/2026\/03\/090326-morena-listo-1024x683.jpg 1024w, https:\/\/elclarinzacatecano.com\/wp-content\/uploads\/2026\/03\/090326-morena-listo-300x200.jpg 300w, https:\/\/elclarinzacatecano.com\/wp-content\/uploads\/2026\/03\/090326-morena-listo-768x513.jpg 768w, https:\/\/elclarinzacatecano.com\/wp-content\/uploads\/2026\/03\/090326-morena-listo.jpg 1440w\" sizes=\"(max-width: 1024px) 100vw, 1024px\" \/><\/figure>\n\n\n\n<p>* 17 coordinaciones estatales<\/p>\n\n\n\n<p>* 300 coordinaciones distritales federales<\/p>\n\n\n\n<p>* Coordinaciones en distritos locales y municipios<\/p>\n\n\n\n<p>Las fechas previstas para el inicio de los registros ser\u00e1n:<\/p>\n\n\n\n<p>* 22 de junio: inicio de registro para coordinaciones estatales<\/p>\n\n\n\n<p>* 3 de agosto: registro para coordinaciones distritales federales<\/p>\n\n\n\n<p>* 21 de septiembre: registro para coordinaciones municipales<\/p>\n\n\n\n<p>* 8 de noviembre: registro para coordinaciones de distritos locales<\/p>\n\n\n\n<p>Durante la sesi\u00f3n se detall\u00f3 que las personas interesadas deber\u00e1n registrarse por v\u00eda electr\u00f3nica y presentar la documentaci\u00f3n correspondiente. Posteriormente, la Comisi\u00f3n Nacional de Elecciones verificar\u00e1 el cumplimiento de los requisitos de elegibilidad y evaluar\u00e1 la trayectoria pol\u00edtica, el reconocimiento territorial y la idoneidad de los perfiles.<\/p>\n\n\n\n<p>Asimismo, se explic\u00f3 que cuando exista un n\u00famero mayor de aspirantes para una misma coordinaci\u00f3n, se realizar\u00e1 primero un sondeo de reconocimiento territorial para identificar hasta seis perfiles que participar\u00e1n en la encuesta final.<\/p>\n\n\n\n<p>La etapa de encuestas estar\u00e1 a cargo de la Comisi\u00f3n de Encuestas de Morena, la cual valorar\u00e1 atributos como:<\/p>\n\n\n\n<ul>\n<li>Conocimiento en el territorio<\/li>\n\n\n\n<li>\u2060Opini\u00f3n positiva<\/li>\n\n\n\n<li>Cercan\u00eda con la ciudadan\u00eda<\/li>\n\n\n\n<li>Honestidad<\/li>\n\n\n\n<li>Confianza ciudadana<\/li>\n\n\n\n<li>Trabajo territorial<\/li>\n\n\n\n<li>Compromiso con los principios de la transformaci\u00f3n<\/li>\n<\/ul>\n\n\n\n<p>La persona que obtenga el mayor nivel de aceptaci\u00f3n de acuerdo con la metodolog\u00eda establecida ser\u00e1 designada Coordinadora o Coordinador de Defensa de la Transformaci\u00f3n en el \u00e1mbito correspondiente.<\/p>\n\n\n\n<p>En la sesi\u00f3n tambi\u00e9n se establecieron reglas claras para garantizar la equidad del proceso. Entre ellas, se se\u00f1al\u00f3 que las personas participantes no podr\u00e1n promover su imagen mediante espectaculares o campa\u00f1as ostentosas, realizar actos anticipados de campa\u00f1a, utilizar recursos p\u00fablicos, entregar d\u00e1divas o emprender campa\u00f1as de descalificaci\u00f3n o ataques contra otras personas aspirantes.<\/p>\n\n\n\n<p>Asimismo, se subray\u00f3 que quienes ostenten cargos partidistas o responsabilidades en el servicio p\u00fablico deber\u00e1n actuar con imparcialidad y neutralidad, evitando cualquier acci\u00f3n que favorezca o perjudique a alguna de las personas participantes.<\/p>\n\n\n\n<p>Se inform\u00f3 tambi\u00e9n que la Comisi\u00f3n Nacional de Honestidad y Justicia podr\u00e1 iniciar procedimientos para investigar y sancionar cualquier conducta que afecte el adecuado desarrollo del proceso.<\/p>\n\n\n\n<p>Las personas que resulten seleccionadas tendr\u00e1n como principales responsabilidades coordinar los comit\u00e9s seccionales, fortalecer las tareas de organizaci\u00f3n y afiliaci\u00f3n al movimiento, promover los logros de la Cuarta Transformaci\u00f3n y difundir las reformas impulsadas desde el gobierno y el Congreso de la Uni\u00f3n.<\/p>\n","protected":false},"excerpt":{"rendered":"<p>Cd de M\u00e9xico.\u2013 Durante la VII Sesi\u00f3n Ordinaria del Consejo Nacional de Morena, se delinearon los criterios generales, el m\u00e9todo de selecci\u00f3n y el calendario preliminar para elegir a las coordinadoras y coordinadores en defensa de la transformaci\u00f3n, quienes tendr\u00e1n la responsabilidad de fortalecer la organizaci\u00f3n territorial del movimiento rumbo al proceso de renovaci\u00f3n de [&hellip;]<\/p>\n","protected":false},"author":1,"featured_media":129185,"comment_status":"closed","ping_status":"closed","sticky":true,"template":"","format":"standard","meta":{"om_disable_all_campaigns":false},"categories":[1],"tags":[],"_links":{"self":[{"href":"https:\/\/elclarinzacatecano.com\/index.php?rest_route=\/wp\/v2\/posts\/129182"}],"collection":[{"href":"https:\/\/elclarinzacatecano.com\/index.php?rest_route=\/wp\/v2\/posts"}],"about":[{"href":"https:\/\/elclarinzacatecano.com\/index.php?rest_route=\/wp\/v2\/types\/post"}],"author":[{"embeddable":true,"href":"https:\/\/elclarinzacatecano.com\/index.php?rest_route=\/wp\/v2\/users\/1"}],"replies":[{"embeddable":true,"href":"https:\/\/elclarinzacatecano.com\/index.php?rest_route=%2Fwp%2Fv2%2Fcomments&post=129182"}],"version-history":[{"count":2,"href":"https:\/\/elclarinzacatecano.com\/index.php?rest_route=\/wp\/v2\/posts\/129182\/revisions"}],"predecessor-version":[{"id":129188,"href":"https:\/\/elclarinzacatecano.com\/index.php?rest_route=\/wp\/v2\/posts\/129182\/revisions\/129188"}],"wp:featuredmedia":[{"embeddable":true,"href":"https:\/\/elclarinzacatecano.com\/index.php?rest_route=\/wp\/v2\/media\/129185"}],"wp:attachment":[{"href":"https:\/\/elclarinzacatecano.com\/index.php?rest_route=%2Fwp%2Fv2%2Fmedia&parent=129182"}],"wp:term":[{"taxonomy":"category","embeddable":true,"href":"https:\/\/elclarinzacatecano.com\/index.php?rest_route=%2Fwp%2Fv2%2Fcategories&post=129182"},{"taxonomy":"post_tag","embeddable":true,"href":"https:\/\/elclarinzacatecano.com\/index.php?rest_route=%2Fwp%2Fv2%2Ftags&post=129182"}],"curies":[{"name":"wp","href":"https:\/\/api.w.org\/{rel}","templated":true}]}}