{"id":129197,"date":"2026-03-10T03:29:37","date_gmt":"2026-03-10T03:29:37","guid":{"rendered":"https:\/\/elclarinzacatecano.com\/?p=129197"},"modified":"2026-03-10T03:29:37","modified_gmt":"2026-03-10T03:29:37","slug":"se-suma-utzac-a-lucha-por-equidad-y-erradicacion-de-violencia-de-genero","status":"publish","type":"post","link":"https:\/\/elclarinzacatecano.com\/?p=129197","title":{"rendered":"Se suma Utzac a lucha por equidad y erradicaci\u00f3n de violencia de g\u00e9nero"},"content":{"rendered":"\n<ul>\n<li><em>&nbsp;En el marco del D\u00eda Internacional de la Mujer, la Direcci\u00f3n de la Mujer de Guadalupe imparti\u00f3 conferencia a la comunidad universitaria<\/em><\/li>\n\n\n\n<li><em>&nbsp;Buscan que las y los j\u00f3venes identifiquen conductas de riesgo para erradicar la violencia contra la mujer<\/em><\/li>\n<\/ul>\n\n\n\n<p>La Direcci\u00f3n Municipal de la Mujer de Guadalupe ofreci\u00f3 la conferencia &#8220;Equidad y Violencia en la Mujer&#8221;, a la comunidad estudiantil, docente y administrativa de la Universidad Tecnol\u00f3gica del Estado de Zacatecas (Utzac).<\/p>\n\n\n\n<p>Dicha actividad se realiz\u00f3 en el marco de las conmemoraciones por el D\u00eda Internacional de la Mujer, enfoc\u00e1ndose en brindar herramientas te\u00f3ricas y pr\u00e1cticas a las y los estudiantes para identificar, prevenir y denunciar cualquier manifestaci\u00f3n de violencia de g\u00e9nero.<\/p>\n\n\n\n<p>Durante el encuentro, personal especializado de la Direcci\u00f3n Municipal destac\u00f3 que la juventud es un sector clave para romper con los ciclos de desigualdad.<\/p>\n\n\n\n<p>Se abordaron temas fundamentales como la identificaci\u00f3n de los tipos de violencia, el impacto de los roles de g\u00e9nero y la importancia de la denuncia ciudadana.<\/p>\n\n\n\n<p>La interacci\u00f3n con la comunidad universitaria permiti\u00f3 despejar dudas sobre los protocolos de atenci\u00f3n vigentes en el municipio, reforzando el compromiso institucional de garantizar espacios seguros para las mujeres dentro y fuera de las aulas.<\/p>\n","protected":false},"excerpt":{"rendered":"<p>La Direcci\u00f3n Municipal de la Mujer de Guadalupe ofreci\u00f3 la conferencia &#8220;Equidad y Violencia en la Mujer&#8221;, a la comunidad estudiantil, docente y administrativa de la Universidad Tecnol\u00f3gica del Estado de Zacatecas (Utzac). Dicha actividad se realiz\u00f3 en el marco de las conmemoraciones por el D\u00eda Internacional de la Mujer, enfoc\u00e1ndose en brindar herramientas te\u00f3ricas [&hellip;]<\/p>\n","protected":false},"author":2,"featured_media":129198,"comment_status":"closed","ping_status":"closed","sticky":true,"template":"","format":"standard","meta":{"om_disable_all_campaigns":false},"categories":[7,1],"tags":[],"_links":{"self":[{"href":"https:\/\/elclarinzacatecano.com\/index.php?rest_route=\/wp\/v2\/posts\/129197"}],"collection":[{"href":"https:\/\/elclarinzacatecano.com\/index.php?rest_route=\/wp\/v2\/posts"}],"about":[{"href":"https:\/\/elclarinzacatecano.com\/index.php?rest_route=\/wp\/v2\/types\/post"}],"author":[{"embeddable":true,"href":"https:\/\/elclarinzacatecano.com\/index.php?rest_route=\/wp\/v2\/users\/2"}],"replies":[{"embeddable":true,"href":"https:\/\/elclarinzacatecano.com\/index.php?rest_route=%2Fwp%2Fv2%2Fcomments&post=129197"}],"version-history":[{"count":1,"href":"https:\/\/elclarinzacatecano.com\/index.php?rest_route=\/wp\/v2\/posts\/129197\/revisions"}],"predecessor-version":[{"id":129199,"href":"https:\/\/elclarinzacatecano.com\/index.php?rest_route=\/wp\/v2\/posts\/129197\/revisions\/129199"}],"wp:featuredmedia":[{"embeddable":true,"href":"https:\/\/elclarinzacatecano.com\/index.php?rest_route=\/wp\/v2\/media\/129198"}],"wp:attachment":[{"href":"https:\/\/elclarinzacatecano.com\/index.php?rest_route=%2Fwp%2Fv2%2Fmedia&parent=129197"}],"wp:term":[{"taxonomy":"category","embeddable":true,"href":"https:\/\/elclarinzacatecano.com\/index.php?rest_route=%2Fwp%2Fv2%2Fcategories&post=129197"},{"taxonomy":"post_tag","embeddable":true,"href":"https:\/\/elclarinzacatecano.com\/index.php?rest_route=%2Fwp%2Fv2%2Ftags&post=129197"}],"curies":[{"name":"wp","href":"https:\/\/api.w.org\/{rel}","templated":true}]}}