{"id":129200,"date":"2026-03-10T03:31:52","date_gmt":"2026-03-10T03:31:52","guid":{"rendered":"https:\/\/elclarinzacatecano.com\/?p=129200"},"modified":"2026-03-10T03:31:52","modified_gmt":"2026-03-10T03:31:52","slug":"con-nuevas-metas-reinicia-el-pri-su-programa-de-afiliacion-y-refrendo-de-militancia","status":"publish","type":"post","link":"https:\/\/elclarinzacatecano.com\/?p=129200","title":{"rendered":"Con nuevas metas reinicia el PRI su programa de afiliaci\u00f3n y refrendo de militancia"},"content":{"rendered":"\n<ul>\n<li><em>En los pr\u00f3ximos 21 y 28 de marzo se realizar\u00e1n dos jornadas estatales de afiliaci\u00f3n y refrendo de militancia.<\/em><\/li>\n<\/ul>\n\n\n\n<p>En su reuni\u00f3n semanal del Comit\u00e9 Directivo Estatal del PRI, el Presidente Carlos Pe\u00f1a Badillo inform\u00f3 que despu\u00e9s de haber concluido satisfactoriamente los festejos por el 97 aniversario del partido, este lunes se reinici\u00f3 el Programa de Afiliaci\u00f3n y Refrendo de Militancia.<\/p>\n\n\n\n<p>En esta reuni\u00f3n, la Coordinadora Estatal de Afiliaci\u00f3n y Refrendo, Diputada local Dayanne Cruz Hern\u00e1ndez, inform\u00f3 que el Comit\u00e9 Directivo Estatal tiene hasta el 21 de marzo como fecha l\u00edmite para entregar los expedientes de afiliaci\u00f3n que ya est\u00e1n documentados y que solo falta subir a la correspondiente plataforma digital.<\/p>\n\n\n\n<p>Se trata de poco m\u00e1s de 5 mil expedientes que en las pasadas jornadas de afiliaci\u00f3n se levantaron en la mayor\u00eda de los 58 municipios del Estado, pero que a\u00fan no se env\u00edan a la Coordinaci\u00f3n Nacional de Afiliaci\u00f3n y Refrendo de Militancia, con su titular Jos\u00e9 Luis Villalobos.<\/p>\n\n\n\n<p>Por otra parte, la Coordinadora Estatal de Afiliaci\u00f3n y Refrendo, Dayanne Cruz Hern\u00e1ndez inform\u00f3 que el 21 y 28 de marzo se realizar\u00e1n dos nuevas jornadas estatales de afiliaci\u00f3n, que formar\u00e1n parte del programa general que se desarrollar\u00e1 durante todo el 2026.<\/p>\n\n\n\n<p>Finalmente, el Presidente Carlos Pe\u00f1a Badillo le pidi\u00f3 a la titular de esta coordinaci\u00f3n, que en esta semana solicite al INE una capacitaci\u00f3n espec\u00edfica para los enlaces municipales de afiliaci\u00f3n, sobre el manejo de la nueva aplicaci\u00f3n que dispuso el Comit\u00e9 Ejecutivo Nacional para validar m\u00e1s f\u00e1cilmente todas las nuevas afiliaciones del Comit\u00e9 Directivo Estatal.<\/p>\n\n\n\n<p>Como en todas las reuniones semanales, esta tambi\u00e9n se llev\u00f3 a cabo en el Sal\u00f3n Presidentes y cont\u00f3 con la asistencia de todos los secretarios y personal de apoyo de este comit\u00e9.<\/p>\n","protected":false},"excerpt":{"rendered":"<p>En su reuni\u00f3n semanal del Comit\u00e9 Directivo Estatal del PRI, el Presidente Carlos Pe\u00f1a Badillo inform\u00f3 que despu\u00e9s de haber concluido satisfactoriamente los festejos por el 97 aniversario del partido, este lunes se reinici\u00f3 el Programa de Afiliaci\u00f3n y Refrendo de Militancia. En esta reuni\u00f3n, la Coordinadora Estatal de Afiliaci\u00f3n y Refrendo, Diputada local Dayanne [&hellip;]<\/p>\n","protected":false},"author":1,"featured_media":129201,"comment_status":"closed","ping_status":"closed","sticky":true,"template":"","format":"standard","meta":{"om_disable_all_campaigns":false},"categories":[1],"tags":[],"_links":{"self":[{"href":"https:\/\/elclarinzacatecano.com\/index.php?rest_route=\/wp\/v2\/posts\/129200"}],"collection":[{"href":"https:\/\/elclarinzacatecano.com\/index.php?rest_route=\/wp\/v2\/posts"}],"about":[{"href":"https:\/\/elclarinzacatecano.com\/index.php?rest_route=\/wp\/v2\/types\/post"}],"author":[{"embeddable":true,"href":"https:\/\/elclarinzacatecano.com\/index.php?rest_route=\/wp\/v2\/users\/1"}],"replies":[{"embeddable":true,"href":"https:\/\/elclarinzacatecano.com\/index.php?rest_route=%2Fwp%2Fv2%2Fcomments&post=129200"}],"version-history":[{"count":1,"href":"https:\/\/elclarinzacatecano.com\/index.php?rest_route=\/wp\/v2\/posts\/129200\/revisions"}],"predecessor-version":[{"id":129202,"href":"https:\/\/elclarinzacatecano.com\/index.php?rest_route=\/wp\/v2\/posts\/129200\/revisions\/129202"}],"wp:featuredmedia":[{"embeddable":true,"href":"https:\/\/elclarinzacatecano.com\/index.php?rest_route=\/wp\/v2\/media\/129201"}],"wp:attachment":[{"href":"https:\/\/elclarinzacatecano.com\/index.php?rest_route=%2Fwp%2Fv2%2Fmedia&parent=129200"}],"wp:term":[{"taxonomy":"category","embeddable":true,"href":"https:\/\/elclarinzacatecano.com\/index.php?rest_route=%2Fwp%2Fv2%2Fcategories&post=129200"},{"taxonomy":"post_tag","embeddable":true,"href":"https:\/\/elclarinzacatecano.com\/index.php?rest_route=%2Fwp%2Fv2%2Ftags&post=129200"}],"curies":[{"name":"wp","href":"https:\/\/api.w.org\/{rel}","templated":true}]}}