{"id":129224,"date":"2026-03-11T05:33:14","date_gmt":"2026-03-11T05:33:14","guid":{"rendered":"https:\/\/elclarinzacatecano.com\/?p=129224"},"modified":"2026-03-11T05:33:14","modified_gmt":"2026-03-11T05:33:14","slug":"saul-monreal-agotare-hasta-la-ultima-instancia-para-ser-aspirante-a-gobernador","status":"publish","type":"post","link":"https:\/\/elclarinzacatecano.com\/?p=129224","title":{"rendered":"Sa\u00fal Monreal: \u201cAgotar\u00e9 hasta la ultima instancia para ser aspirante a Gobernador\u201d"},"content":{"rendered":"\n<ul>\n<li><em>La Constituci\u00f3n Pol\u00edtica de los Estados Unidos Mexicanos dentro de su art\u00edculo 35 dice \u201cCualquier persona tiene Derecho a Votar y ser votado\u201d, entonces donde est\u00e1n mis derechos, afirma<\/em><\/li>\n<\/ul>\n\n\n\n<p>En varias entrevistas, de Sa\u00fal Monreal \u00c1vila Senador de la Rep\u00fablica, en la ciudad de M\u00e9xico, ante las m\u00faltiples declaraciones de la Presidenta de la Rep\u00fablica Mexicana Claudia Sheinbaum, y de la Presidenta de Morena Luisa Mar\u00eda Alcalde, quienes manifiestan que no voy a la contienda del 2027 por el partido, entonces no se vale que te descalifiquen a priori.<\/p>\n\n\n\n<p>As\u00ed lo manifest\u00f3 el Senador Sa\u00fal Monreal al tiempo de se\u00f1alar que agotar\u00e1 hasta la \u00faltima instancia para ser Aspirante a Gobernador de Zacatecas por su partido, que como estudioso del derecho, no le han notificado nada por escrito y no se vale que hagan decisiones a priori, porque la Constituci\u00f3n lo avala y tiene sus derechos constitucionales.<\/p>\n\n\n\n<p>Entonces dijo que esta solo en sus aspiraciones, que este es su momento y si no hay el apoyo de la gente \u00e9l lo entender\u00e1 y ser\u00e1 el primero en retirarse de la contienda, adem\u00e1s no descarta la idea de aspirar a serlo por otros partidos, no lo ha contemplado pero hay la posibilidad.<\/p>\n\n\n\n<p>Estoy en contra de Ricardo y de David quienes no me ayudan por lo que voy solo, pero yo respeto cualquier decisi\u00f3n que tome el pueblo dentro de mis aspiraciones.<\/p>\n\n\n\n<p>Si se confirma la exclusi\u00f3n de Sa\u00fal Monreal de Morena para la encuesta recurrir\u00e9 al Tribunal Electoral del poder judicial de la federaci\u00f3n hasta agotar la \u00faltima instancia, porque me asiste la raz\u00f3n jur\u00eddica, extern\u00f3.<\/p>\n","protected":false},"excerpt":{"rendered":"<p>En varias entrevistas, de Sa\u00fal Monreal \u00c1vila Senador de la Rep\u00fablica, en la ciudad de M\u00e9xico, ante las m\u00faltiples declaraciones de la Presidenta de la Rep\u00fablica Mexicana Claudia Sheinbaum, y de la Presidenta de Morena Luisa Mar\u00eda Alcalde, quienes manifiestan que no voy a la contienda del 2027 por el partido, entonces no se vale [&hellip;]<\/p>\n","protected":false},"author":2,"featured_media":129219,"comment_status":"closed","ping_status":"closed","sticky":true,"template":"","format":"standard","meta":{"om_disable_all_campaigns":false},"categories":[1],"tags":[],"_links":{"self":[{"href":"https:\/\/elclarinzacatecano.com\/index.php?rest_route=\/wp\/v2\/posts\/129224"}],"collection":[{"href":"https:\/\/elclarinzacatecano.com\/index.php?rest_route=\/wp\/v2\/posts"}],"about":[{"href":"https:\/\/elclarinzacatecano.com\/index.php?rest_route=\/wp\/v2\/types\/post"}],"author":[{"embeddable":true,"href":"https:\/\/elclarinzacatecano.com\/index.php?rest_route=\/wp\/v2\/users\/2"}],"replies":[{"embeddable":true,"href":"https:\/\/elclarinzacatecano.com\/index.php?rest_route=%2Fwp%2Fv2%2Fcomments&post=129224"}],"version-history":[{"count":1,"href":"https:\/\/elclarinzacatecano.com\/index.php?rest_route=\/wp\/v2\/posts\/129224\/revisions"}],"predecessor-version":[{"id":129225,"href":"https:\/\/elclarinzacatecano.com\/index.php?rest_route=\/wp\/v2\/posts\/129224\/revisions\/129225"}],"wp:featuredmedia":[{"embeddable":true,"href":"https:\/\/elclarinzacatecano.com\/index.php?rest_route=\/wp\/v2\/media\/129219"}],"wp:attachment":[{"href":"https:\/\/elclarinzacatecano.com\/index.php?rest_route=%2Fwp%2Fv2%2Fmedia&parent=129224"}],"wp:term":[{"taxonomy":"category","embeddable":true,"href":"https:\/\/elclarinzacatecano.com\/index.php?rest_route=%2Fwp%2Fv2%2Fcategories&post=129224"},{"taxonomy":"post_tag","embeddable":true,"href":"https:\/\/elclarinzacatecano.com\/index.php?rest_route=%2Fwp%2Fv2%2Ftags&post=129224"}],"curies":[{"name":"wp","href":"https:\/\/api.w.org\/{rel}","templated":true}]}}