{"id":129230,"date":"2026-03-11T05:56:26","date_gmt":"2026-03-11T05:56:26","guid":{"rendered":"https:\/\/elclarinzacatecano.com\/?p=129230"},"modified":"2026-03-11T05:56:26","modified_gmt":"2026-03-11T05:56:26","slug":"que-cosas-no-10","status":"publish","type":"post","link":"https:\/\/elclarinzacatecano.com\/?p=129230","title":{"rendered":"QUE COSAS NO \u2026.."},"content":{"rendered":"\n<p>Por Jematoba;<\/p>\n\n\n<div class=\"wp-block-image\">\n<figure class=\"alignleft size-large is-resized\"><img decoding=\"async\" loading=\"lazy\" src=\"http:\/\/elclarinzacatecano.com\/wp-content\/uploads\/2023\/12\/Temas-para-Reflexionar-Jesus-M-Torres-Baez-1-576x1024.jpg\" alt=\"\" class=\"wp-image-122068\" width=\"144\" height=\"256\" srcset=\"https:\/\/elclarinzacatecano.com\/wp-content\/uploads\/2023\/12\/Temas-para-Reflexionar-Jesus-M-Torres-Baez-1-576x1024.jpg 576w, https:\/\/elclarinzacatecano.com\/wp-content\/uploads\/2023\/12\/Temas-para-Reflexionar-Jesus-M-Torres-Baez-1-169x300.jpg 169w, https:\/\/elclarinzacatecano.com\/wp-content\/uploads\/2023\/12\/Temas-para-Reflexionar-Jesus-M-Torres-Baez-1.jpg 720w\" sizes=\"(max-width: 144px) 100vw, 144px\" \/><\/figure><\/div>\n\n\n<p>Hola mis queridos lectores feliz ombligo de semana, donde la paz rinde la calma y solo nos ocupamos de escuchar las noticias para ver que pasa en M\u00e9xico y principalmente en Zacatecas, donde la \u00faltima novedad es que con las entrevistas de Sa\u00fal Monreal, suma m\u00e1s votantes porque defiende un derecho constitucional y esta a la par de muchos pol\u00edticos que pretenden llegar a la Candidatura Interna del Partido de Morena, porque en Zacatecas lo disputar\u00e1 Geovanna Ba\u00f1uelos, Ver\u00f3nica D\u00edaz, Narro C\u00e9spedes, Ulises Mej\u00eda Haro, Carlos Puente, y Sa\u00fal Monreal esta en veremos, como ven; si que esta apretada la contienda, pero entre m\u00e1s se acercan las fechas las cosas van agarrando sabor y para ello estamos listos pues quien mejor gana es el pueblo, con las dadivas de los candidatos internos de Morena, como dice el dicho \u201cA quien le dan pan que llore\u201d.<\/p>\n\n\n\n<p>Por el otro lado el PRI est\u00e1 haciendo su lucha para volver a agarrar fuerza y lanza tremenda contienda al invitar a Partido Verde, al Partido del Trabajo, a Movimiento Ciudadano, Nueva Alianza y al Partido Revolucionario Democr\u00e1tico, a sumarse para hacer fuerza y poder derrotar a Morena quien tiene todo el dinero y poder para seguir siendo Autoridad, en fin tienen todo el derecho en llevar el primer lugar en la oposici\u00f3n ya que en Zacatecas tienen muchos seguidores priistas de anta\u00f1o y como muestra la celebraci\u00f3n de su 97 aniversario el pasado fin de semana en donde se ve la fuerza que sigue teniendo y para lo que est\u00e1 hecho el partido, de juntar m\u00e1s devotos a su causa y con ello pretender arrebatarle el poder en Zacatecas a Morena.<\/p>\n\n\n\n<p>En el tema de la reforma electoral que est\u00e1n analizando en San L\u00e1zaro por los diputados federales, resulta err\u00f3nea y sacada al vapor, ya que no est\u00e1 bien estructurada, ni fundamentada, pues esta hecha para que el partido del poder se consolide; ya que al sumar los votos, los candidatos pueden quedar el uno, dos, tres del mismo partido para llenar mas r\u00e1pido el quorum y desquebrajar la democracia ya que las votaciones en M\u00e9xico son f\u00e1cil de corromper y de dif\u00edcil estudio pues no est\u00e1n hechas para identificar a la persona ya que deber\u00eda incluirse un reglon en las hojas para tener el voto personalizado e identificarlo bien, para ser aclarado en caso de revisi\u00f3n.<\/p>\n\n\n\n<p>En tanto que Ulises Mej\u00eda saca al tema lo metido que esta dentro del partido y el apadrinamiento que se carga pues lo vemos muy seguro y motivado recorriendo todo el estado con las Asambleas Informativas, donde dijo que el proceso contemplar\u00e1 la elecci\u00f3n de coordinaciones en distintos niveles:&nbsp; * 17 coordinaciones estatales, * 300 coordinaciones distritales federales, * Coordinaciones en distritos locales y municipios, adem\u00e1s de las fechas previstas para el inicio de los registros ser\u00e1n: * 22 de junio: inicio de registro para coordinaciones estatales, * 3 de agosto: registro para coordinaciones distritales federales, * 21 de septiembre: registro para coordinaciones municipales, * 8 de noviembre: registro para coordinaciones de distritos locales.<\/p>\n\n\n\n<p>En fin que ya tienen todo bien estructurado para hacer precampa\u00f1a y pretender agarrar el poder en los 17 Estados de contienda electoral para el 2027, a lo que tienen mucho que hacer los dem\u00e1s partidos para no verse desplazados otra vez y se sostengan bien agarrados del poder para llevarse el cargo, ante la lucha electoral desigual porque a los partidos los reprimen mas con el presupuesto y al partido del poder le sueltan todas las posibilidades para hacer sus debates a coordinadores de las precandidaturas, en todos los Estados a votaci\u00f3n.<\/p>\n\n\n\n<p>No queda mas que despedirnos con una reflexi\u00f3n \u201cdebemos agradecer por cada amanecer, porque es un regalo que nos dan para hacer cosas productivas\u201d, as\u00ed que hay que hacerlo y ver\u00e1n el cambio, okidoky.<\/p>\n","protected":false},"excerpt":{"rendered":"<p>Por Jematoba; Hola mis queridos lectores feliz ombligo de semana, donde la paz rinde la calma y solo nos ocupamos de escuchar las noticias para ver que pasa en M\u00e9xico y principalmente en Zacatecas, donde la \u00faltima novedad es que con las entrevistas de Sa\u00fal Monreal, suma m\u00e1s votantes porque defiende un derecho constitucional y [&hellip;]<\/p>\n","protected":false},"author":2,"featured_media":129232,"comment_status":"closed","ping_status":"closed","sticky":true,"template":"","format":"standard","meta":{"om_disable_all_campaigns":false},"categories":[1],"tags":[],"_links":{"self":[{"href":"https:\/\/elclarinzacatecano.com\/index.php?rest_route=\/wp\/v2\/posts\/129230"}],"collection":[{"href":"https:\/\/elclarinzacatecano.com\/index.php?rest_route=\/wp\/v2\/posts"}],"about":[{"href":"https:\/\/elclarinzacatecano.com\/index.php?rest_route=\/wp\/v2\/types\/post"}],"author":[{"embeddable":true,"href":"https:\/\/elclarinzacatecano.com\/index.php?rest_route=\/wp\/v2\/users\/2"}],"replies":[{"embeddable":true,"href":"https:\/\/elclarinzacatecano.com\/index.php?rest_route=%2Fwp%2Fv2%2Fcomments&post=129230"}],"version-history":[{"count":2,"href":"https:\/\/elclarinzacatecano.com\/index.php?rest_route=\/wp\/v2\/posts\/129230\/revisions"}],"predecessor-version":[{"id":129233,"href":"https:\/\/elclarinzacatecano.com\/index.php?rest_route=\/wp\/v2\/posts\/129230\/revisions\/129233"}],"wp:featuredmedia":[{"embeddable":true,"href":"https:\/\/elclarinzacatecano.com\/index.php?rest_route=\/wp\/v2\/media\/129232"}],"wp:attachment":[{"href":"https:\/\/elclarinzacatecano.com\/index.php?rest_route=%2Fwp%2Fv2%2Fmedia&parent=129230"}],"wp:term":[{"taxonomy":"category","embeddable":true,"href":"https:\/\/elclarinzacatecano.com\/index.php?rest_route=%2Fwp%2Fv2%2Fcategories&post=129230"},{"taxonomy":"post_tag","embeddable":true,"href":"https:\/\/elclarinzacatecano.com\/index.php?rest_route=%2Fwp%2Fv2%2Ftags&post=129230"}],"curies":[{"name":"wp","href":"https:\/\/api.w.org\/{rel}","templated":true}]}}