{"id":129234,"date":"2026-03-12T05:45:23","date_gmt":"2026-03-12T05:45:23","guid":{"rendered":"https:\/\/elclarinzacatecano.com\/?p=129234"},"modified":"2026-03-12T05:45:23","modified_gmt":"2026-03-12T05:45:23","slug":"ulises-mejia-en-la-politica-siempre-existe-una-diferencia-entre-lo-deseable-y-lo-posible","status":"publish","type":"post","link":"https:\/\/elclarinzacatecano.com\/?p=129234","title":{"rendered":"Ulises Mej\u00eda: En la pol\u00edtica siempre existe una diferencia entre lo deseable y lo posible"},"content":{"rendered":"\n<ul>\n<li><em>No se aprueba la reforma electoral impulsada por la Presidenta Claudia Sheinbaum<\/em><\/li>\n\n\n\n<li><em>Adem\u00e1s, festeja a las mujeres en su d\u00eda internacional y pone la Agenda Feminista<\/em><\/li>\n<\/ul>\n\n\n\n<p>La reforma pol\u00edtico-electoral enviada por la presidenta Claudia Sheinbaum recoge una demanda que durante a\u00f1os se escuch\u00f3 en las plazas p\u00fablicas: campa\u00f1as menos costosas y una representaci\u00f3n pol\u00edtica m\u00e1s cercana al voto de la ciudadan\u00eda.<\/p>\n\n\n\n<p>Aunque no se alcanz\u00f3 la mayor\u00eda calificada, en Morena defendimos y votamos a favor de esta iniciativa, convencidos de que fortalece nuestra democracia y responde al sentir del pueblo.<\/p>\n\n\n\n<p>Nuestro voto fue con convicci\u00f3n, con lealtad al movimiento y con congruencia entre lo que pensamos, decimos y hacemos.<\/p>\n\n\n\n<p>Porque en la vida p\u00fablica la congruencia es lo que da autoridad moral.<\/p>\n\n\n\n<p>Las coyunturas pol\u00edticas pasan, pero los procesos de transformaci\u00f3n permanecen.<\/p>\n\n\n\n<p>Las reformas pueden detenerse en una votaci\u00f3n, pero las ideas del pueblo siempre terminan abri\u00e9ndose camino.<\/p>\n\n\n\n<p>Por eso, seguimos trabajando para consolidar la esperanza en nuestro pa\u00eds y tambi\u00e9n en #Zacatecas.<\/p>\n\n\n\n<p><strong>ULISES MEJ\u00cdA REAFIRMA COMPROMISO CON UNA AGENDA FEMINISTA<\/strong><\/p>\n\n\n\n<p>\u201cEl reconocimiento a las mujeres no debe quedarse solo en palabras; debe traducirse en leyes, pol\u00edticas p\u00fablicas y acciones concretas que garanticen igualdad, justicia y una vida libre de violencia\u201d, afirm\u00f3 el diputado federal Ulises Mej\u00eda Haro durante un encuentro con colectivas feministas realizado en el marco del D\u00eda Internacional de la Mujer.<\/p>\n\n\n\n<p>Ante cientos de mujeres de la zona metropolitana de Zacatecas y de municipios colindantes, el legislador reconoci\u00f3 la lucha, la dignidad y el esfuerzo de millones de mujeres que todos los d\u00edas contribuyen, con su trabajo y compromiso, a construir una sociedad m\u00e1s justa e igualitaria.<\/p>\n\n\n\n<p>El encuentro, organizado con integrantes del colectivo Mujeres de Un Movimiento Honesto, reuni\u00f3 a diversas colectivas feministas en un espacio de di\u00e1logo sobre los retos pendientes para avanzar hacia la igualdad sustantiva, erradicar la violencia y ampliar los derechos de las mujeres.<\/p>\n\n\n\n<p>Entre las participaciones destac\u00f3 la de Mar\u00eda Luisa Sosa, integrante de la colectiva Olimpia de Gouges, quien plante\u00f3 la importancia de consolidar una agenda legislativa con perspectiva de g\u00e9nero basada en cinco ejes fundamentales: la paridad, la erradicaci\u00f3n de la violencia pol\u00edtica contra las mujeres, la garant\u00eda del ejercicio efectivo del cargo p\u00fablico, la democracia paritaria sustantiva y una reforma del Estado que asegure la igualdad sustantiva.<\/p>\n\n\n\n<p>Sosa subray\u00f3 que avanzar en estos temas permitir\u00e1 fortalecer los derechos pol\u00edticos de las mujeres, garantizar su participaci\u00f3n plena en la vida p\u00fablica y consolidar instituciones m\u00e1s representativas y democr\u00e1ticas.<\/p>\n\n\n\n<p>Por su parte, Lourdes Delgadillo, del colectivo Mujeres de Un Movimiento Honesto, se\u00f1al\u00f3 la importancia de continuar impulsando una agenda legislativa que coloque en el centro los derechos de las mujeres y fortalezca las pol\u00edticas p\u00fablicas orientadas a garantizar igualdad de oportunidades.<\/p>\n\n\n\n<p>En su intervenci\u00f3n, Laura Rodr\u00edguez, integrante de la Colectiva Feminista 29 de Mayo, habl\u00f3 sobre la necesidad de abrir m\u00e1s espacios para las j\u00f3venes, fortalecer la educaci\u00f3n con perspectiva de g\u00e9nero y ampliar las oportunidades acad\u00e9micas y profesionales para las nuevas generaciones.<\/p>\n\n\n\n<p>Asimismo, Karen M\u00e9ndez, presidenta de Mujeres de Un Movimiento Honesto en el estado, resalt\u00f3 la importancia de mantener la organizaci\u00f3n y la participaci\u00f3n activa de las mujeres en los espacios de toma de decisiones. Tambi\u00e9n destac\u00f3 el momento hist\u00f3rico que vive el pa\u00eds al contar con la primera mujer presidenta de M\u00e9xico, la Dra. Claudia Sheinbaum, quien contin\u00faa profundizando la transformaci\u00f3n de la vida p\u00fablica nacional.<\/p>\n\n\n\n<p>En su mensaje, Ulises Mej\u00eda Haro destac\u00f3 que M\u00e9xico vive un momento hist\u00f3rico con la llegada de la primera mujer presidenta del pa\u00eds, la doctora Claudia Sheinbaum Pardo, quien ha impulsado reformas y pol\u00edticas p\u00fablicas orientadas a garantizar los derechos de las mujeres y reducir las brechas de desigualdad.<\/p>\n\n\n\n<p>Entre los avances m\u00e1s relevantes mencion\u00f3 la reforma constitucional en materia de igualdad sustantiva, que reconoce el derecho de las mujeres a una vida libre de violencia y obliga al Estado mexicano a garantizar condiciones reales de igualdad entre mujeres y hombres.<\/p>\n\n\n\n<p>Tambi\u00e9n resalt\u00f3 la creaci\u00f3n de la Secretar\u00eda de las Mujeres y el nombramiento de Citlalli Hern\u00e1ndez como su primera titular, instancia encargada de coordinar la pol\u00edtica nacional de igualdad de g\u00e9nero, impulsar pol\u00edticas p\u00fablicas para prevenir y erradicar la violencia contra las mujeres, promover su autonom\u00eda econ\u00f3mica y fortalecer su participaci\u00f3n en la vida p\u00fablica.<\/p>\n\n\n\n<p>Asimismo, destac\u00f3 la implementaci\u00f3n de programas como la Pensi\u00f3n Mujeres Bienestar, dirigida a mujeres de 60 a 64 a\u00f1os que a\u00fan no acceden a la pensi\u00f3n universal.<\/p>\n\n\n\n<p>A ello se suman programas que fortalecen el bienestar de las familias, como la Beca Universal Rita Cetina para estudiantes de educaci\u00f3n b\u00e1sica y el programa Salud Casa por Casa, que lleva atenci\u00f3n m\u00e9dica directamente a los hogares de adultos mayores y personas con discapacidad.<\/p>\n\n\n\n<p>Ulises Mej\u00eda Haro se\u00f1al\u00f3 que estas acciones forman parte del segundo piso de la Cuarta Transformaci\u00f3n, cuyo objetivo es garantizar derechos, reducir desigualdades y consolidar pol\u00edticas p\u00fablicas que beneficien a las mujeres y a sus familias.<\/p>\n\n\n\n<p>Finalmente, reiter\u00f3 que desde el Congreso de la Uni\u00f3n continuar\u00e1 impulsando iniciativas y reformas que fortalezcan una agenda feminista y garanticen igualdad sustantiva, justicia y oportunidades para todas.<\/p>\n","protected":false},"excerpt":{"rendered":"<p>La reforma pol\u00edtico-electoral enviada por la presidenta Claudia Sheinbaum recoge una demanda que durante a\u00f1os se escuch\u00f3 en las plazas p\u00fablicas: campa\u00f1as menos costosas y una representaci\u00f3n pol\u00edtica m\u00e1s cercana al voto de la ciudadan\u00eda. Aunque no se alcanz\u00f3 la mayor\u00eda calificada, en Morena defendimos y votamos a favor de esta iniciativa, convencidos de que [&hellip;]<\/p>\n","protected":false},"author":1,"featured_media":129235,"comment_status":"closed","ping_status":"closed","sticky":true,"template":"","format":"standard","meta":{"om_disable_all_campaigns":false},"categories":[1,8],"tags":[],"_links":{"self":[{"href":"https:\/\/elclarinzacatecano.com\/index.php?rest_route=\/wp\/v2\/posts\/129234"}],"collection":[{"href":"https:\/\/elclarinzacatecano.com\/index.php?rest_route=\/wp\/v2\/posts"}],"about":[{"href":"https:\/\/elclarinzacatecano.com\/index.php?rest_route=\/wp\/v2\/types\/post"}],"author":[{"embeddable":true,"href":"https:\/\/elclarinzacatecano.com\/index.php?rest_route=\/wp\/v2\/users\/1"}],"replies":[{"embeddable":true,"href":"https:\/\/elclarinzacatecano.com\/index.php?rest_route=%2Fwp%2Fv2%2Fcomments&post=129234"}],"version-history":[{"count":1,"href":"https:\/\/elclarinzacatecano.com\/index.php?rest_route=\/wp\/v2\/posts\/129234\/revisions"}],"predecessor-version":[{"id":129236,"href":"https:\/\/elclarinzacatecano.com\/index.php?rest_route=\/wp\/v2\/posts\/129234\/revisions\/129236"}],"wp:featuredmedia":[{"embeddable":true,"href":"https:\/\/elclarinzacatecano.com\/index.php?rest_route=\/wp\/v2\/media\/129235"}],"wp:attachment":[{"href":"https:\/\/elclarinzacatecano.com\/index.php?rest_route=%2Fwp%2Fv2%2Fmedia&parent=129234"}],"wp:term":[{"taxonomy":"category","embeddable":true,"href":"https:\/\/elclarinzacatecano.com\/index.php?rest_route=%2Fwp%2Fv2%2Fcategories&post=129234"},{"taxonomy":"post_tag","embeddable":true,"href":"https:\/\/elclarinzacatecano.com\/index.php?rest_route=%2Fwp%2Fv2%2Ftags&post=129234"}],"curies":[{"name":"wp","href":"https:\/\/api.w.org\/{rel}","templated":true}]}}