{"id":129411,"date":"2026-04-28T08:21:57","date_gmt":"2026-04-28T08:21:57","guid":{"rendered":"https:\/\/elclarinzacatecano.com\/?p=129411"},"modified":"2026-04-28T08:21:57","modified_gmt":"2026-04-28T08:21:57","slug":"presentan-a-delegados-priistas-en-jerez-calera-y-sombrerete","status":"publish","type":"post","link":"https:\/\/elclarinzacatecano.com\/?p=129411","title":{"rendered":"Presentan a delegados PRIISTAS en Jerez, Calera y Sombrerete"},"content":{"rendered":"\n<ul>\n<li><em>PRI sigue sumando afiliados para la contienda del 2027<\/em><\/li>\n<\/ul>\n\n\n\n<p>El Presidente estatal del PRI, Carlos Pe\u00f1a Badillo y el Delegado Nacional, Jos\u00e9 Marco Antonio Olvera Acevedo presentaron a los Delegados Territoriales de Jerez, Calera y Sombrerete, ante sus respectivas dirigencias municipales y la militancia activa.<\/p>\n\n\n\n<p>En Jerez, fue presentado Mario Alberto Ram\u00edrez Rodr\u00edguez, quien de inmediato acord\u00f3 con la dirigencia de este municipio las l\u00edneas principales del trabajo que realizar\u00e1, tanto para consolidar la estructura municipal, como el Programa de Afiliaci\u00f3n y la renovaci\u00f3n de los Comit\u00e9s Seccionales.<\/p>\n\n\n\n<p>De igual manera, en Calera fue presentado, Cruz Tijerin Ch\u00e1vez, cuya encomienda es reforzar los trabajos de la dirigencia municipal de los Coordinadores de Afiliaci\u00f3n y Refrendo de Militancia y de la renovaci\u00f3n de los Comit\u00e9s Seccionales.<\/p>\n\n\n\n<p>En su presentaci\u00f3n, Cruz Tijerin se comprometi\u00f3 a realizar su nueva encomienda con entrega absoluta y con un firme compromiso por consolidar a su partido y hacerlo m\u00e1s competitivo para el siguiente proceso electoral.<\/p>\n\n\n\n<p>Para el municipio de Sombrerete, fue presentado el maestro Alberto Ruiz Flores Delgadillo, quien con toda su experiencia como exsecretario de Organizaci\u00f3n del PRI, ofreci\u00f3 de inmediato sumarse a las tareas del Comit\u00e9 Directivo Municipal, para buscar involucrar a un mayor n\u00famero se priistas que acepten trabajar con entrega por el proyecto pol\u00edtico del partido.<\/p>\n\n\n\n<p>En estas presentaciones, el Presidente Carlos Pe\u00f1a Badillo recomend\u00f3 a los nuevos Delegados Territoriales reforzar el trabajo partidista desde el territorio, as\u00ed como organizarse y construir estructuras fuertes, de carne y hueso, que permitan al partido consolidarse de cara a la elecci\u00f3n del 2027.<\/p>\n\n\n\n<p>Por su parte, el Delegado Nacional, Jos\u00e9 Marco Antonio Olvera Acevedo destac\u00f3 la importancia de mantener la unidad interna, fortalecer la cercan\u00eda con la militancia y trabajar de manera coordinada con la dirigencia del Comit\u00e9 Directivo Estatal, porque dijo, el compromiso de cada Delegado Territorial ser\u00e1 pieza clave para construir una estructura s\u00f3lida y activa.<\/p>\n","protected":false},"excerpt":{"rendered":"<p>El Presidente estatal del PRI, Carlos Pe\u00f1a Badillo y el Delegado Nacional, Jos\u00e9 Marco Antonio Olvera Acevedo presentaron a los Delegados Territoriales de Jerez, Calera y Sombrerete, ante sus respectivas dirigencias municipales y la militancia activa. En Jerez, fue presentado Mario Alberto Ram\u00edrez Rodr\u00edguez, quien de inmediato acord\u00f3 con la dirigencia de este municipio las [&hellip;]<\/p>\n","protected":false},"author":1,"featured_media":129412,"comment_status":"closed","ping_status":"closed","sticky":true,"template":"","format":"standard","meta":{"om_disable_all_campaigns":false},"categories":[1],"tags":[],"_links":{"self":[{"href":"https:\/\/elclarinzacatecano.com\/index.php?rest_route=\/wp\/v2\/posts\/129411"}],"collection":[{"href":"https:\/\/elclarinzacatecano.com\/index.php?rest_route=\/wp\/v2\/posts"}],"about":[{"href":"https:\/\/elclarinzacatecano.com\/index.php?rest_route=\/wp\/v2\/types\/post"}],"author":[{"embeddable":true,"href":"https:\/\/elclarinzacatecano.com\/index.php?rest_route=\/wp\/v2\/users\/1"}],"replies":[{"embeddable":true,"href":"https:\/\/elclarinzacatecano.com\/index.php?rest_route=%2Fwp%2Fv2%2Fcomments&post=129411"}],"version-history":[{"count":1,"href":"https:\/\/elclarinzacatecano.com\/index.php?rest_route=\/wp\/v2\/posts\/129411\/revisions"}],"predecessor-version":[{"id":129413,"href":"https:\/\/elclarinzacatecano.com\/index.php?rest_route=\/wp\/v2\/posts\/129411\/revisions\/129413"}],"wp:featuredmedia":[{"embeddable":true,"href":"https:\/\/elclarinzacatecano.com\/index.php?rest_route=\/wp\/v2\/media\/129412"}],"wp:attachment":[{"href":"https:\/\/elclarinzacatecano.com\/index.php?rest_route=%2Fwp%2Fv2%2Fmedia&parent=129411"}],"wp:term":[{"taxonomy":"category","embeddable":true,"href":"https:\/\/elclarinzacatecano.com\/index.php?rest_route=%2Fwp%2Fv2%2Fcategories&post=129411"},{"taxonomy":"post_tag","embeddable":true,"href":"https:\/\/elclarinzacatecano.com\/index.php?rest_route=%2Fwp%2Fv2%2Ftags&post=129411"}],"curies":[{"name":"wp","href":"https:\/\/api.w.org\/{rel}","templated":true}]}}