{"id":129418,"date":"2026-04-28T08:25:48","date_gmt":"2026-04-28T08:25:48","guid":{"rendered":"https:\/\/elclarinzacatecano.com\/?p=129418"},"modified":"2026-04-28T08:25:48","modified_gmt":"2026-04-28T08:25:48","slug":"impulsan-el-emprendimiento-joven-como-motor-de-desarrollo-umh","status":"publish","type":"post","link":"https:\/\/elclarinzacatecano.com\/?p=129418","title":{"rendered":"Impulsan el emprendimiento joven como motor de desarrollo: UMH"},"content":{"rendered":"\n<ul>\n<li><em>Como empresario por m\u00e1s de 20 a\u00f1os, con maestr\u00eda y doctorado, Ulises impulsa a los j\u00f3venes a alcanzar sus metas<\/em><\/li>\n<\/ul>\n\n\n\n<p>Zacatecas, Zac.\u2013 Con el objetivo de fortalecer la cultura emprendedora entre las juventudes, el diputado federal y empresario zacatecano Ulises Mej\u00eda Haro comparti\u00f3 con la comunidad universitaria de la Universidad Aut\u00f3noma de Durango la charla \u201cABC de los negocios: el esp\u00edritu emprendedor\u201d, donde expuso herramientas pr\u00e1cticas para iniciar, consolidar y hacer crecer proyectos productivos desde una visi\u00f3n cercana al territorio.<\/p>\n\n\n\n<p>Durante el encuentro, destac\u00f3 que el emprendimiento es una v\u00eda para generar empleo, innovaci\u00f3n y bienestar social, y subray\u00f3 que el \u00e9xito no depende de la suerte, sino de la preparaci\u00f3n, la disciplina y la constancia. \u201cHoy necesitamos j\u00f3venes que se atrevan a transformar ideas en oportunidades, con visi\u00f3n y compromiso desde su entorno\u201d, expres\u00f3.<\/p>\n\n\n\n<p>En la charla, se abordaron puntos clave como la claridad en la idea de negocio, la planeaci\u00f3n estrat\u00e9gica, la disciplina financiera y la resiliencia ante los retos. Tambi\u00e9n se resalt\u00f3 el uso de herramientas digitales para ampliar mercados, as\u00ed como la importancia de construir redes de apoyo que fortalezcan los proyectos y abran nuevas oportunidades.<\/p>\n\n\n\n<p>Ulises Mej\u00eda Haro enfatiz\u00f3 que desde el Congreso de la Uni\u00f3n se impulsa una agenda para fortalecer a las micro, peque\u00f1as y medianas empresas, facilitando el acceso a financiamiento, capacitaci\u00f3n y nuevos canales de comercializaci\u00f3n, en coordinaci\u00f3n con la visi\u00f3n de desarrollo econ\u00f3mico que promueve la presidenta Claudia Sheinbaum.<\/p>\n\n\n\n<p>Con una s\u00f3lida formaci\u00f3n acad\u00e9mica en administraci\u00f3n de empresas y administraci\u00f3n p\u00fablica, que incluye dos licenciaturas, dos maestr\u00edas y un doctorado, as\u00ed como una trayectoria empresarial de cerca de 20 a\u00f1os generando m\u00e1s de 150 empleos directos en Zacatecas en los sectores gastron\u00f3mico y farmac\u00e9utico, Ulises Mej\u00eda Haro se ha consolidado como un promotor activo del emprendimiento. Como conferencista en temas de negocios, reiter\u00f3 su compromiso de seguir impulsando a las juventudes para que conviertan sus ideas en proyectos productivos.<\/p>\n","protected":false},"excerpt":{"rendered":"<p>Zacatecas, Zac.\u2013 Con el objetivo de fortalecer la cultura emprendedora entre las juventudes, el diputado federal y empresario zacatecano Ulises Mej\u00eda Haro comparti\u00f3 con la comunidad universitaria de la Universidad Aut\u00f3noma de Durango la charla \u201cABC de los negocios: el esp\u00edritu emprendedor\u201d, donde expuso herramientas pr\u00e1cticas para iniciar, consolidar y hacer crecer proyectos productivos desde [&hellip;]<\/p>\n","protected":false},"author":1,"featured_media":129419,"comment_status":"closed","ping_status":"closed","sticky":true,"template":"","format":"standard","meta":{"om_disable_all_campaigns":false},"categories":[1],"tags":[],"_links":{"self":[{"href":"https:\/\/elclarinzacatecano.com\/index.php?rest_route=\/wp\/v2\/posts\/129418"}],"collection":[{"href":"https:\/\/elclarinzacatecano.com\/index.php?rest_route=\/wp\/v2\/posts"}],"about":[{"href":"https:\/\/elclarinzacatecano.com\/index.php?rest_route=\/wp\/v2\/types\/post"}],"author":[{"embeddable":true,"href":"https:\/\/elclarinzacatecano.com\/index.php?rest_route=\/wp\/v2\/users\/1"}],"replies":[{"embeddable":true,"href":"https:\/\/elclarinzacatecano.com\/index.php?rest_route=%2Fwp%2Fv2%2Fcomments&post=129418"}],"version-history":[{"count":1,"href":"https:\/\/elclarinzacatecano.com\/index.php?rest_route=\/wp\/v2\/posts\/129418\/revisions"}],"predecessor-version":[{"id":129420,"href":"https:\/\/elclarinzacatecano.com\/index.php?rest_route=\/wp\/v2\/posts\/129418\/revisions\/129420"}],"wp:featuredmedia":[{"embeddable":true,"href":"https:\/\/elclarinzacatecano.com\/index.php?rest_route=\/wp\/v2\/media\/129419"}],"wp:attachment":[{"href":"https:\/\/elclarinzacatecano.com\/index.php?rest_route=%2Fwp%2Fv2%2Fmedia&parent=129418"}],"wp:term":[{"taxonomy":"category","embeddable":true,"href":"https:\/\/elclarinzacatecano.com\/index.php?rest_route=%2Fwp%2Fv2%2Fcategories&post=129418"},{"taxonomy":"post_tag","embeddable":true,"href":"https:\/\/elclarinzacatecano.com\/index.php?rest_route=%2Fwp%2Fv2%2Ftags&post=129418"}],"curies":[{"name":"wp","href":"https:\/\/api.w.org\/{rel}","templated":true}]}}