{"id":129437,"date":"2026-04-29T05:08:32","date_gmt":"2026-04-29T05:08:32","guid":{"rendered":"https:\/\/elclarinzacatecano.com\/?p=129437"},"modified":"2026-04-29T05:08:32","modified_gmt":"2026-04-29T05:08:32","slug":"avanzamos-hacia-un-plan-hidrico-integral-ulises-mejia","status":"publish","type":"post","link":"https:\/\/elclarinzacatecano.com\/?p=129437","title":{"rendered":"Avanzamos hacia un plan h\u00eddrico integral: Ulises Mej\u00eda"},"content":{"rendered":"\n<ul>\n<li><em>\u201cNecesario implementar un C5 h\u00eddrico y una polic\u00eda h\u00eddrica para monitorear en tiempo real, cuidar la infraestructura y garantizar el uso responsable del agua\u201d, UMH.<\/em><\/li>\n<\/ul>\n\n\n\n<p>Zacatecas, Zac.- En el marco del foro sobre pol\u00edtica del agua, el diputado federal Ulises Mej\u00eda Haro particip\u00f3 en un espacio de di\u00e1logo con expertos, acad\u00e9micos y sociedad, donde se delinearon propuestas para consolidar un Plan H\u00eddrico para Zacatecas con visi\u00f3n de largo plazo.<\/p>\n\n\n\n<p>Durante su intervenci\u00f3n, el legislador se\u00f1al\u00f3 que es momento de anticiparse a la crisis h\u00eddrica con una estrategia integral que contemple la construcci\u00f3n de la presa Milpillas, as\u00ed como la rehabilitaci\u00f3n y creaci\u00f3n de m\u00e1s presas, bordos comunitarios y el desazolve de los existentes, con el objetivo de captar y aprovechar mejor el agua. A\u00f1adi\u00f3 que tambi\u00e9n es fundamental la limpieza de r\u00edos y cauces, as\u00ed como la transici\u00f3n hacia sistemas de riego m\u00e1s eficientes, dejando atr\u00e1s el riego por inundaci\u00f3n y apostando a la tecnificaci\u00f3n del campo, junto con el uso de agua de transferencia mediante l\u00edneas moradas que conecten zonas urbanas con \u00e1reas de cultivo.<\/p>\n\n\n\n<p>Ulises Mej\u00eda Haro destac\u00f3 que la innovaci\u00f3n debe ser un eje central del plan, incorporando sistemas de telemetr\u00eda, el uso de energ\u00edas renovables en los sistemas de rebombeo y plantas de tratamiento, as\u00ed como la detecci\u00f3n oportuna de fugas y la sustituci\u00f3n de tuber\u00edas obsoletas para reducir p\u00e9rdidas y prevenir problemas de salud.<\/p>\n\n\n\n<p>Por su parte, la Dra. Ada Rebeca Contreras Rodr\u00edguez subray\u00f3 la importancia de fortalecer la planeaci\u00f3n h\u00eddrica con base cient\u00edfica y datos actualizados, al se\u00f1alar que la gesti\u00f3n del agua debe sustentarse en diagn\u00f3sticos t\u00e9cnicos s\u00f3lidos y en una visi\u00f3n de largo plazo que garantice su disponibilidad para las futuras generaciones.<\/p>\n\n\n\n<p>El Dr. Jos\u00e9 Ram\u00f3n Grimaldo destac\u00f3 la necesidad de modernizar la infraestructura y los sistemas de distribuci\u00f3n, afirmando que no basta con contar con el recurso, sino que es indispensable mejorar la eficiencia en su conducci\u00f3n y uso, evitando p\u00e9rdidas que hoy representan un reto significativo.<\/p>\n\n\n\n<p>En tanto, el Dr. Juan Francisco Carpio enfatiz\u00f3 el papel de la innovaci\u00f3n tecnol\u00f3gica, al se\u00f1alar que el aprovechamiento de nuevas herramientas para el re\u00faso y potabilizaci\u00f3n del agua representa una alternativa viable para enfrentar la escasez, siempre acompa\u00f1ada de pol\u00edticas p\u00fablicas bien orientadas.<\/p>\n\n\n\n<p>Asimismo, durante el foro se coincidi\u00f3 en la viabilidad de implementar modelos como el C5 h\u00eddrico, que permite monitorear en tiempo real la operaci\u00f3n del sistema, as\u00ed como la creaci\u00f3n de una polic\u00eda h\u00eddrica para proteger la infraestructura y evitar abusos en el uso del recurso.<\/p>\n\n\n\n<p>El legislador zacatecano enfatiz\u00f3 que este esfuerzo debe ir acompa\u00f1ado de un cambio cultural, promoviendo desde las primeras infancias una conciencia real sobre el cuidado del agua, entendiendo que no se trata solo de infraestructura, sino de una responsabilidad compartida.<\/p>\n\n\n\n<p>Ulises Mej\u00eda Haro destac\u00f3 que este Plan H\u00eddrico, construido desde la academia, expertos y sociedad, se alinea y fortalece la visi\u00f3n impulsada por la presidenta Claudia Sheinbaum Pardo dentro de las acciones del Plan Nacional H\u00eddrico, orientadas a garantizar el acceso al agua como un derecho.<\/p>\n\n\n\n<p>Asimismo, agradeci\u00f3 a las y los panelistas por sus aportaciones, as\u00ed como a la Universidad Aut\u00f3noma de Zacatecas por su anfitrion\u00eda y por abrir este espacio de reflexi\u00f3n y construcci\u00f3n colectiva.<\/p>\n\n\n\n<p>Finalmente, reiter\u00f3 que Zacatecas tiene la oportunidad de convertirse en un referente nacional en el manejo responsable del agua, si se act\u00faa con planeaci\u00f3n, coordinaci\u00f3n y compromiso social.<\/p>\n","protected":false},"excerpt":{"rendered":"<p>Zacatecas, Zac.- En el marco del foro sobre pol\u00edtica del agua, el diputado federal Ulises Mej\u00eda Haro particip\u00f3 en un espacio de di\u00e1logo con expertos, acad\u00e9micos y sociedad, donde se delinearon propuestas para consolidar un Plan H\u00eddrico para Zacatecas con visi\u00f3n de largo plazo. Durante su intervenci\u00f3n, el legislador se\u00f1al\u00f3 que es momento de anticiparse [&hellip;]<\/p>\n","protected":false},"author":1,"featured_media":129438,"comment_status":"closed","ping_status":"closed","sticky":true,"template":"","format":"standard","meta":{"om_disable_all_campaigns":false},"categories":[1],"tags":[],"_links":{"self":[{"href":"https:\/\/elclarinzacatecano.com\/index.php?rest_route=\/wp\/v2\/posts\/129437"}],"collection":[{"href":"https:\/\/elclarinzacatecano.com\/index.php?rest_route=\/wp\/v2\/posts"}],"about":[{"href":"https:\/\/elclarinzacatecano.com\/index.php?rest_route=\/wp\/v2\/types\/post"}],"author":[{"embeddable":true,"href":"https:\/\/elclarinzacatecano.com\/index.php?rest_route=\/wp\/v2\/users\/1"}],"replies":[{"embeddable":true,"href":"https:\/\/elclarinzacatecano.com\/index.php?rest_route=%2Fwp%2Fv2%2Fcomments&post=129437"}],"version-history":[{"count":1,"href":"https:\/\/elclarinzacatecano.com\/index.php?rest_route=\/wp\/v2\/posts\/129437\/revisions"}],"predecessor-version":[{"id":129439,"href":"https:\/\/elclarinzacatecano.com\/index.php?rest_route=\/wp\/v2\/posts\/129437\/revisions\/129439"}],"wp:featuredmedia":[{"embeddable":true,"href":"https:\/\/elclarinzacatecano.com\/index.php?rest_route=\/wp\/v2\/media\/129438"}],"wp:attachment":[{"href":"https:\/\/elclarinzacatecano.com\/index.php?rest_route=%2Fwp%2Fv2%2Fmedia&parent=129437"}],"wp:term":[{"taxonomy":"category","embeddable":true,"href":"https:\/\/elclarinzacatecano.com\/index.php?rest_route=%2Fwp%2Fv2%2Fcategories&post=129437"},{"taxonomy":"post_tag","embeddable":true,"href":"https:\/\/elclarinzacatecano.com\/index.php?rest_route=%2Fwp%2Fv2%2Ftags&post=129437"}],"curies":[{"name":"wp","href":"https:\/\/api.w.org\/{rel}","templated":true}]}}