{"id":129440,"date":"2026-04-29T05:10:49","date_gmt":"2026-04-29T05:10:49","guid":{"rendered":"https:\/\/elclarinzacatecano.com\/?p=129440"},"modified":"2026-04-29T05:10:49","modified_gmt":"2026-04-29T05:10:49","slug":"zacatecas-fortalece-la-transparencia-con-el-comite-de-control-interno-2026","status":"publish","type":"post","link":"https:\/\/elclarinzacatecano.com\/?p=129440","title":{"rendered":"\u201cZacatecas fortalece la transparencia con el Comit\u00e9 de Control Interno 2026\u201d"},"content":{"rendered":"\n<ul>\n<li><em>En su primera sesi\u00f3n ordinaria se trasparenta la rendici\u00f3n de cuentas y la eficiencia en la administraci\u00f3n publica<\/em><\/li>\n<\/ul>\n\n\n\n<p>Con el objetivo de fortalecer la transparencia, la rendici\u00f3n de cuentas y la eficiencia en la administraci\u00f3n p\u00fablica, se llev\u00f3 a cabo la primera sesi\u00f3n ordinaria del Comit\u00e9 de Control Interno del Municipio de Zacatecas correspondiente al a\u00f1o 2026, encabezada por el presidente municipal, Miguel \u00c1ngel Varela Pinedo, en su calidad de Presidente del Comit\u00e9.<\/p>\n\n\n\n<p>Durante la sesi\u00f3n, se cont\u00f3 con la participaci\u00f3n de las y los integrantes del Comit\u00e9: la Mtra. Wendy Guadalupe Valdez Organista, Vocal del Comit\u00e9 de Control; el C. Heberto Neblina Vega, Secretario T\u00e9cnico; el M. en F. Erik Fabi\u00e1n Mu\u00f1oz Rom\u00e1n, Vocal; as\u00ed como la Dra. Elba Liliana Garc\u00eda Arredondo, Titular del \u00d3rgano Interno de Control, quien tuvo a su cargo la exposici\u00f3n de motivos.<\/p>\n\n\n\n<p>En su intervenci\u00f3n, el alcalde Miguel Varela se\u00f1al\u00f3 que la instalaci\u00f3n y operaci\u00f3n de este Comit\u00e9 representa un paso firme hacia la construcci\u00f3n de un nuevo paradigma en control interno dentro de los municipios de Zacatecas. Afirm\u00f3 que la capital del estado contin\u00faa posicion\u00e1ndose como referente en distintos rubros, como el archivo hist\u00f3rico y ahora en la implementaci\u00f3n de estrategias innovadoras en materia administrativa.<\/p>\n\n\n\n<p>Por su parte, la titular del \u00d3rgano Interno de Control destac\u00f3 la voluntad pol\u00edtica de la actual administraci\u00f3n municipal para consolidar mecanismos de control interno, al recordar que en el art\u00edculo 300 del Reglamento de Administraci\u00f3n Interior se establece la creaci\u00f3n de este Comit\u00e9. Subray\u00f3 que esta acci\u00f3n responde a los lineamientos que solicitan los entes fiscalizadores, como la Auditor\u00eda Superior de la Federaci\u00f3n, al inicio de los procesos de auditor\u00eda, lo que permitir\u00e1 al municipio cumplir de manera m\u00e1s eficaz con los est\u00e1ndares nacionales en la materia.<\/p>\n\n\n\n<p>Durante la sesi\u00f3n, se realiz\u00f3 la asignaci\u00f3n de responsabilidades entre las distintas \u00e1reas de la administraci\u00f3n municipal, distribuidas en los cinco componentes del control interno: Ambiente de Control, Evaluaci\u00f3n de Riesgos, Sistemas de Informaci\u00f3n y Comunicaci\u00f3n, Procedimientos de Control y Vigilancia. Finalmente, el presidente municipal enfatiz\u00f3 que el trabajo conjunto permitir\u00e1 mejorar la calidad en la atenci\u00f3n a la ciudadan\u00eda, consolidando un gobierno m\u00e1s eficiente, transparente y cercano a la gente.<\/p>\n","protected":false},"excerpt":{"rendered":"<p>Con el objetivo de fortalecer la transparencia, la rendici\u00f3n de cuentas y la eficiencia en la administraci\u00f3n p\u00fablica, se llev\u00f3 a cabo la primera sesi\u00f3n ordinaria del Comit\u00e9 de Control Interno del Municipio de Zacatecas correspondiente al a\u00f1o 2026, encabezada por el presidente municipal, Miguel \u00c1ngel Varela Pinedo, en su calidad de Presidente del Comit\u00e9. [&hellip;]<\/p>\n","protected":false},"author":1,"featured_media":129441,"comment_status":"closed","ping_status":"closed","sticky":true,"template":"","format":"standard","meta":{"om_disable_all_campaigns":false},"categories":[1],"tags":[],"_links":{"self":[{"href":"https:\/\/elclarinzacatecano.com\/index.php?rest_route=\/wp\/v2\/posts\/129440"}],"collection":[{"href":"https:\/\/elclarinzacatecano.com\/index.php?rest_route=\/wp\/v2\/posts"}],"about":[{"href":"https:\/\/elclarinzacatecano.com\/index.php?rest_route=\/wp\/v2\/types\/post"}],"author":[{"embeddable":true,"href":"https:\/\/elclarinzacatecano.com\/index.php?rest_route=\/wp\/v2\/users\/1"}],"replies":[{"embeddable":true,"href":"https:\/\/elclarinzacatecano.com\/index.php?rest_route=%2Fwp%2Fv2%2Fcomments&post=129440"}],"version-history":[{"count":1,"href":"https:\/\/elclarinzacatecano.com\/index.php?rest_route=\/wp\/v2\/posts\/129440\/revisions"}],"predecessor-version":[{"id":129442,"href":"https:\/\/elclarinzacatecano.com\/index.php?rest_route=\/wp\/v2\/posts\/129440\/revisions\/129442"}],"wp:featuredmedia":[{"embeddable":true,"href":"https:\/\/elclarinzacatecano.com\/index.php?rest_route=\/wp\/v2\/media\/129441"}],"wp:attachment":[{"href":"https:\/\/elclarinzacatecano.com\/index.php?rest_route=%2Fwp%2Fv2%2Fmedia&parent=129440"}],"wp:term":[{"taxonomy":"category","embeddable":true,"href":"https:\/\/elclarinzacatecano.com\/index.php?rest_route=%2Fwp%2Fv2%2Fcategories&post=129440"},{"taxonomy":"post_tag","embeddable":true,"href":"https:\/\/elclarinzacatecano.com\/index.php?rest_route=%2Fwp%2Fv2%2Ftags&post=129440"}],"curies":[{"name":"wp","href":"https:\/\/api.w.org\/{rel}","templated":true}]}}