{"id":129451,"date":"2026-04-30T04:31:27","date_gmt":"2026-04-30T04:31:27","guid":{"rendered":"https:\/\/elclarinzacatecano.com\/?p=129451"},"modified":"2026-04-30T04:43:27","modified_gmt":"2026-04-30T04:43:27","slug":"celebra-zacatecas-dia-internacional-de-la-danza-2026","status":"publish","type":"post","link":"https:\/\/elclarinzacatecano.com\/?p=129451","title":{"rendered":"Celebra Zacatecas D\u00eda Internacional de la Danza 2026"},"content":{"rendered":"\n<ul>\n<li><em>En el Teatro \u201cRam\u00f3n L\u00f3pez Velarde\u201d, con una programaci\u00f3n que reafirm\u00f3 el papel de esta disciplina como un lenguaje vivo en la entidad, se vio diversidad esc\u00e9nica, con mosaico especial<\/em><\/li>\n<\/ul>\n\n\n\n<p>En el marco del D\u00eda Internacional de la Danza 2026, el Gobierno del Estado, a trav\u00e9s del Instituto Zacatecano de Cultura (IZC) \u201cRam\u00f3n L\u00f3pez Velarde\u201d, present\u00f3 un programa especial que, bajo la Agenda del A\u00f1o del Progreso, se convirti\u00f3 en un amplio mosaico de lenguajes esc\u00e9nicos, donde confluyeron la introspecci\u00f3n contempor\u00e1nea, la energ\u00eda urbana, la t\u00e9cnica cl\u00e1sica y la riqueza del folclor.<\/p>\n\n\n\n<p>La velada inici\u00f3 con &#8220;El peso del ruido&#8221;, de la compa\u00f1\u00eda Circon\u00edrico, que irrumpi\u00f3 en escena como una potente met\u00e1fora del pensamiento contempor\u00e1neo: un cuerpo atravesado por la acumulaci\u00f3n de ideas, recuerdos y emociones que no cesan. La propuesta, con autor\u00eda y codirecci\u00f3n de Sof\u00eda Lepe y Fani Guzm\u00e1n, transform\u00f3 el acto f\u00edsico en un lenguaje simb\u00f3lico, donde la tensi\u00f3n y la belleza coexistieron, al plantear una l\u00ednea discursiva sobre el cuerpo como territorio de conflicto interno.<\/p>\n\n\n\n<p>La escena se abri\u00f3 al espacio p\u00fablico con &#8220;Alma y Calle&#8221;, de Funkys Crew, agrupaci\u00f3n zacatecana que llev\u00f3 al escenario la convergencia entre el tango y el hip hop. En esta propuesta multidisciplinaria, la calle se resignific\u00f3 como lugar de origen, resistencia e identidad, fusionando estilos urbanos como locking, house y breaking bajo la direcci\u00f3n de Aranza Daena Leyva Villavicencio.<\/p>\n\n\n\n<p>Esta energ\u00eda encontr\u00f3 continuidad en &#8220;Rock Ballet&#8221;, interpretado por el grupo formativo INSIDE, donde la t\u00e9cnica neocl\u00e1sica dialog\u00f3 con la fuerza del rock, a trav\u00e9s de piezas emblem\u00e1ticas como \u201cCreep\u201d de Radiohead y \u201cSmells Like Teen Spirit\u201d de Nirvana, que puso en evidencia el trabajo formativo, impulsado desde 2019 por Hugo Pinales.<\/p>\n\n\n\n<figure class=\"wp-block-image size-large\"><img decoding=\"async\" loading=\"lazy\" width=\"1024\" height=\"683\" src=\"https:\/\/elclarinzacatecano.com\/wp-content\/uploads\/2026\/04\/300426-se-tuvieron-grandes-escenas-1024x683.jpg\" alt=\"\" class=\"wp-image-129452\" srcset=\"https:\/\/elclarinzacatecano.com\/wp-content\/uploads\/2026\/04\/300426-se-tuvieron-grandes-escenas-1024x683.jpg 1024w, https:\/\/elclarinzacatecano.com\/wp-content\/uploads\/2026\/04\/300426-se-tuvieron-grandes-escenas-300x200.jpg 300w, https:\/\/elclarinzacatecano.com\/wp-content\/uploads\/2026\/04\/300426-se-tuvieron-grandes-escenas-768x512.jpg 768w, https:\/\/elclarinzacatecano.com\/wp-content\/uploads\/2026\/04\/300426-se-tuvieron-grandes-escenas.jpg 1280w\" sizes=\"(max-width: 1024px) 100vw, 1024px\" \/><\/figure>\n\n\n\n<p>El tono de la funci\u00f3n transit\u00f3 despu\u00e9s hacia una dimensi\u00f3n m\u00e1s l\u00edrica con &#8220;Primavera&#8221;, de B\u00e1ez Danza, donde el lenguaje cl\u00e1sico y neocl\u00e1sico deline\u00f3 un recorrido que fue del despertar individual al florecimiento colectivo. Con m\u00fasica de Antonio Vivaldi, la pieza construy\u00f3 una atm\u00f3sfera de renovaci\u00f3n y vitalidad, reflejo del impulso formativo que este estudio, fundado en 2024 por Edith B\u00e1ez S\u00e1mano, ha comenzado a consolidar en la escena local.<\/p>\n\n\n\n<p>La exploraci\u00f3n del cuerpo como espacio de resistencia continu\u00f3 con &#8220;Talento Cero&#8221;, de El Mal Sue\u00f1o Teatro F\u00edsico, una propuesta que cuestion\u00f3 los est\u00e1ndares t\u00e9cnicos tradicionales al privilegiar la vulnerabilidad, la feminidad y la honestidad esc\u00e9nica.<\/p>\n\n\n\n<p>Este discurso encontr\u00f3 eco en &#8220;Empoder-Arte \/ Impulso&#8221;, dirigido por Yazm\u00edn Escare\u00f1o, donde la t\u00e9cnica de heels se convirti\u00f3 en s\u00edmbolo de fuerza y afirmaci\u00f3n femenina, al tiempo que abri\u00f3 un espacio de formaci\u00f3n e inclusi\u00f3n para nuevos talentos.<\/p>\n\n\n\n<p>El programa ampli\u00f3 su espectro hacia lo simb\u00f3lico y lo ritual con &#8220;Diosas del mundo&#8221;, de P\u00farpura Fusi\u00f3n Belly Dance Performance, agrupaci\u00f3n fundada en 2022 por Zianya Bong, que a trav\u00e9s de la danza tribal fusi\u00f3n evoc\u00f3 arquetipos femeninos de distintas culturas, pieza en la que resalt\u00f3 este poder como figuras de inspiraci\u00f3n transgeneracional.<\/p>\n\n\n\n<p>Esta dimensi\u00f3n est\u00e9tica dialog\u00f3 con la reinterpretaci\u00f3n contempor\u00e1nea de &#8220;Invierno&#8221;, fragmento de &#8220;Las cuatro estaciones&#8221; de Antonio Vivaldi, presentada por Mov in Company, que integr\u00f3 distintos lenguajes esc\u00e9nicos para traducir en movimiento las im\u00e1genes y emociones sugeridas en las partituras del compositor.<\/p>\n\n\n\n<p>Hacia la segunda parte del programa, la escena se volc\u00f3 a las ra\u00edces, con la presencia del folclor como eje identitario. La Compa\u00f1\u00eda de Danza Folkl\u00f3rica Ca\u00f1itas llev\u00f3 al escenario \u201cCa\u00f1itas: Ra\u00edces sobre el riel y la danza del matlach\u00edn\u201d, reafirmando esta tradici\u00f3n como una expresi\u00f3n viva de la memoria colectiva del semidesierto zacatecano.<\/p>\n\n\n\n<p>A esta muestra se sum\u00f3 la Compa\u00f1\u00eda de Danza de la Academia de Danza Folklores, que, con un repertorio integrado por piezas como &#8220;La norte\u00f1a&#8221;, &#8220;Marieta&#8221;, &#8220;Las perlitas&#8221;, &#8220;Juana Gallo&#8221; y &#8220;La Adelita&#8221;, que dio cuenta de m\u00e1s de una d\u00e9cada de trabajo continuo en la preservaci\u00f3n de la danza tradicional.<\/p>\n\n\n\n<p>El recorrido por la diversidad cultural del pa\u00eds continu\u00f3 con &#8220;Pinceladas de M\u00e9xico&#8221;, de la Compa\u00f1\u00eda Folcl\u00f3rica Mazatl Ollin \u201cManuel Hern\u00e1ndez de Alba\u201d, fundada en 2003, que ofreci\u00f3 un mosaico esc\u00e9nico donde la danza, la m\u00fasica y el colorido de los vestuarios dieron cuenta de la riqueza regional del pa\u00eds. El programa cerr\u00f3 con &#8220;Fandango Afrojarocho&#8221;, de la Compa\u00f1\u00eda Esc\u00e9nica EsDanza, una pieza que puso en relieve la herencia afrodescendiente, como uno de los pilares fundamentales de la identidad cultural mexicana, evocando los procesos de sincretismo que florecieron en las costas del Golfo y el Pac\u00edfico.<\/p>\n","protected":false},"excerpt":{"rendered":"<p>En el marco del D\u00eda Internacional de la Danza 2026, el Gobierno del Estado, a trav\u00e9s del Instituto Zacatecano de Cultura (IZC) \u201cRam\u00f3n L\u00f3pez Velarde\u201d, present\u00f3 un programa especial que, bajo la Agenda del A\u00f1o del Progreso, se convirti\u00f3 en un amplio mosaico de lenguajes esc\u00e9nicos, donde confluyeron la introspecci\u00f3n contempor\u00e1nea, la energ\u00eda urbana, la [&hellip;]<\/p>\n","protected":false},"author":2,"featured_media":129455,"comment_status":"closed","ping_status":"closed","sticky":true,"template":"","format":"standard","meta":{"om_disable_all_campaigns":false},"categories":[97,8],"tags":[],"_links":{"self":[{"href":"https:\/\/elclarinzacatecano.com\/index.php?rest_route=\/wp\/v2\/posts\/129451"}],"collection":[{"href":"https:\/\/elclarinzacatecano.com\/index.php?rest_route=\/wp\/v2\/posts"}],"about":[{"href":"https:\/\/elclarinzacatecano.com\/index.php?rest_route=\/wp\/v2\/types\/post"}],"author":[{"embeddable":true,"href":"https:\/\/elclarinzacatecano.com\/index.php?rest_route=\/wp\/v2\/users\/2"}],"replies":[{"embeddable":true,"href":"https:\/\/elclarinzacatecano.com\/index.php?rest_route=%2Fwp%2Fv2%2Fcomments&post=129451"}],"version-history":[{"count":1,"href":"https:\/\/elclarinzacatecano.com\/index.php?rest_route=\/wp\/v2\/posts\/129451\/revisions"}],"predecessor-version":[{"id":129453,"href":"https:\/\/elclarinzacatecano.com\/index.php?rest_route=\/wp\/v2\/posts\/129451\/revisions\/129453"}],"wp:featuredmedia":[{"embeddable":true,"href":"https:\/\/elclarinzacatecano.com\/index.php?rest_route=\/wp\/v2\/media\/129455"}],"wp:attachment":[{"href":"https:\/\/elclarinzacatecano.com\/index.php?rest_route=%2Fwp%2Fv2%2Fmedia&parent=129451"}],"wp:term":[{"taxonomy":"category","embeddable":true,"href":"https:\/\/elclarinzacatecano.com\/index.php?rest_route=%2Fwp%2Fv2%2Fcategories&post=129451"},{"taxonomy":"post_tag","embeddable":true,"href":"https:\/\/elclarinzacatecano.com\/index.php?rest_route=%2Fwp%2Fv2%2Ftags&post=129451"}],"curies":[{"name":"wp","href":"https:\/\/api.w.org\/{rel}","templated":true}]}}