{"id":129461,"date":"2026-04-30T04:36:55","date_gmt":"2026-04-30T04:36:55","guid":{"rendered":"https:\/\/elclarinzacatecano.com\/?p=129461"},"modified":"2026-04-30T04:36:55","modified_gmt":"2026-04-30T04:36:55","slug":"miguel-varela-cierra-festejos-de-los-ninos-e-invita-a-gran-concierto-sinfonico","status":"publish","type":"post","link":"https:\/\/elclarinzacatecano.com\/?p=129461","title":{"rendered":"Miguel Varela cierra festejos de los ni\u00f1os e invita a gran concierto sinf\u00f3nico"},"content":{"rendered":"\n<ul>\n<li><em>La banda sinf\u00f3nica del municipio cerrara con broche de oro los festejos del d\u00eda del ni\u00f1o y la ni\u00f1a con magistral concierto sinf\u00f3nico<\/em><\/li>\n<\/ul>\n\n\n\n<p>El Ayuntamiento de Zacatecas, a trav\u00e9s de la Direcci\u00f3n de Cultura, invita a las familias capitalinas a disfrutar de una velada especial para cerrar con broche de oro las celebraciones del D\u00eda de la Ni\u00f1a y el Ni\u00f1o, con un concierto a cargo de la Banda Sinf\u00f3nica del Municipio.<\/p>\n\n\n\n<p>Hoy jueves 30 de abril, en punto de las 7:00 de la tarde, la Plazuela Goitia ser\u00e1 el escenario de una experiencia musical pensada especialmente para ni\u00f1as y ni\u00f1os, donde la magia de la m\u00fasica se fusionar\u00e1 con la emoci\u00f3n de algunas de las bandas sonoras m\u00e1s emblem\u00e1ticas del cine y la cultura popular.<\/p>\n\n\n\n<p>El presidente municipal, Miguel Varela Pinedo, extendi\u00f3 una cordial invitaci\u00f3n a todas las familias para que asistan y compartan una tarde llena de alegr\u00eda, convivencia y momentos inolvidables. \u201cQueremos que nuestras ni\u00f1as y ni\u00f1os vivan una celebraci\u00f3n especial, rodeados de arte y cultura, en un espacio que promueve la uni\u00f3n familiar y el disfrute colectivo\u201d, expres\u00f3.<\/p>\n\n\n\n<p>El programa contempla piezas reconocidas a nivel mundial, como temas de Star Wars y Superman, del compositor John Williams, as\u00ed como m\u00fasica de Spiderman, Monster\u2019s Inc y Frozen. Adem\u00e1s, se incluir\u00e1n arreglos especiales como Disney Spectacular, Pixar Movie Magic y Super Mario Bros, garantizando un repertorio din\u00e1mico y atractivo para p\u00fablicos de todas las edades.<\/p>\n\n\n\n<p>Bajo la direcci\u00f3n de Emilio \u00c1vila, la Banda Sinf\u00f3nica del Municipio de Zacatecas ofrecer\u00e1 un espect\u00e1culo de alta calidad, reafirmando el compromiso del gobierno municipal con la promoci\u00f3n cultural y el acceso al arte para todos los sectores de la poblaci\u00f3n.<\/p>\n\n\n\n<p>Este concierto gratuito representa una oportunidad para fortalecer los lazos familiares y fomentar en las nuevas generaciones el gusto por la m\u00fasica. Miguel Varela reitera su invitaci\u00f3n a celebrar a lo m\u00e1s valioso de la capital: sus ni\u00f1as y ni\u00f1os, en un ambiente seguro, festivo y lleno de cultura.<\/p>\n\n\n\n<figure class=\"wp-block-image size-large\"><img decoding=\"async\" loading=\"lazy\" width=\"819\" height=\"1024\" src=\"http:\/\/elclarinzacatecano.com\/wp-content\/uploads\/2026\/04\/300426-Capital-celebra-dia-del-nino-y-la-nina-819x1024.jpg\" alt=\"\" class=\"wp-image-129457\" srcset=\"https:\/\/elclarinzacatecano.com\/wp-content\/uploads\/2026\/04\/300426-Capital-celebra-dia-del-nino-y-la-nina-819x1024.jpg 819w, https:\/\/elclarinzacatecano.com\/wp-content\/uploads\/2026\/04\/300426-Capital-celebra-dia-del-nino-y-la-nina-240x300.jpg 240w, https:\/\/elclarinzacatecano.com\/wp-content\/uploads\/2026\/04\/300426-Capital-celebra-dia-del-nino-y-la-nina-768x960.jpg 768w, https:\/\/elclarinzacatecano.com\/wp-content\/uploads\/2026\/04\/300426-Capital-celebra-dia-del-nino-y-la-nina-1229x1536.jpg 1229w, https:\/\/elclarinzacatecano.com\/wp-content\/uploads\/2026\/04\/300426-Capital-celebra-dia-del-nino-y-la-nina.jpg 1280w\" sizes=\"(max-width: 819px) 100vw, 819px\" \/><\/figure>\n","protected":false},"excerpt":{"rendered":"<p>El Ayuntamiento de Zacatecas, a trav\u00e9s de la Direcci\u00f3n de Cultura, invita a las familias capitalinas a disfrutar de una velada especial para cerrar con broche de oro las celebraciones del D\u00eda de la Ni\u00f1a y el Ni\u00f1o, con un concierto a cargo de la Banda Sinf\u00f3nica del Municipio. Hoy jueves 30 de abril, en [&hellip;]<\/p>\n","protected":false},"author":1,"featured_media":129458,"comment_status":"closed","ping_status":"closed","sticky":true,"template":"","format":"standard","meta":{"om_disable_all_campaigns":false},"categories":[97,1],"tags":[],"_links":{"self":[{"href":"https:\/\/elclarinzacatecano.com\/index.php?rest_route=\/wp\/v2\/posts\/129461"}],"collection":[{"href":"https:\/\/elclarinzacatecano.com\/index.php?rest_route=\/wp\/v2\/posts"}],"about":[{"href":"https:\/\/elclarinzacatecano.com\/index.php?rest_route=\/wp\/v2\/types\/post"}],"author":[{"embeddable":true,"href":"https:\/\/elclarinzacatecano.com\/index.php?rest_route=\/wp\/v2\/users\/1"}],"replies":[{"embeddable":true,"href":"https:\/\/elclarinzacatecano.com\/index.php?rest_route=%2Fwp%2Fv2%2Fcomments&post=129461"}],"version-history":[{"count":1,"href":"https:\/\/elclarinzacatecano.com\/index.php?rest_route=\/wp\/v2\/posts\/129461\/revisions"}],"predecessor-version":[{"id":129462,"href":"https:\/\/elclarinzacatecano.com\/index.php?rest_route=\/wp\/v2\/posts\/129461\/revisions\/129462"}],"wp:featuredmedia":[{"embeddable":true,"href":"https:\/\/elclarinzacatecano.com\/index.php?rest_route=\/wp\/v2\/media\/129458"}],"wp:attachment":[{"href":"https:\/\/elclarinzacatecano.com\/index.php?rest_route=%2Fwp%2Fv2%2Fmedia&parent=129461"}],"wp:term":[{"taxonomy":"category","embeddable":true,"href":"https:\/\/elclarinzacatecano.com\/index.php?rest_route=%2Fwp%2Fv2%2Fcategories&post=129461"},{"taxonomy":"post_tag","embeddable":true,"href":"https:\/\/elclarinzacatecano.com\/index.php?rest_route=%2Fwp%2Fv2%2Ftags&post=129461"}],"curies":[{"name":"wp","href":"https:\/\/api.w.org\/{rel}","templated":true}]}}