{"id":129465,"date":"2026-04-30T04:56:00","date_gmt":"2026-04-30T04:56:00","guid":{"rendered":"https:\/\/elclarinzacatecano.com\/?p=129465"},"modified":"2026-04-30T04:56:00","modified_gmt":"2026-04-30T04:56:00","slug":"luli-pampin-hizo-vibrar-a-miles-de-familias","status":"publish","type":"post","link":"https:\/\/elclarinzacatecano.com\/?p=129465","title":{"rendered":"Luli Pamp\u00edn hizo vibrar a miles de familias"},"content":{"rendered":"\n<ul>\n<li><em>Desde el primer momento, el ambiente se pint\u00f3 de personajes fant\u00e1sticos y una infinidad de disfraces convirtieron el espacio en un verdadero mundo de fantas\u00eda<\/em><\/li>\n\n\n\n<li><em>Luli Pamp\u00edn conquist\u00f3 el escenario y los corazones de las y los asistentes, quienes no dejaron de cantar, brincar y bailar, al ritmo de sus temas m\u00e1s queridos<\/em><\/li>\n\n\n\n<li><em>Un estallido de alegr\u00eda, m\u00fasica y fantas\u00eda en la celebraci\u00f3n de las Ni\u00f1as y los Ni\u00f1os de Zacatecas<\/em><\/li>\n<\/ul>\n\n\n\n<p>En medio de un aut\u00e9ntico festival de colores, risas y emoci\u00f3n, se vivi\u00f3 la espectacular presentaci\u00f3n de Luli Pamp\u00edn en Zacatecas, un evento inolvidable, organizado por el Gobierno del Estado, que encabeza el mandatario David Monreal \u00c1vila, como parte de la celebraci\u00f3n del D\u00eda de las Ni\u00f1as y los Ni\u00f1os.<\/p>\n\n\n\n<p>Este magno festejo, gratuito y pensado especialmente para las familias zacatecanas, fue impulsado por la Presidenta Honor\u00edfica del Sistema Estatal para el Desarrollo Integral de la Familia (SEDIF), Sara Hern\u00e1ndez de Monreal, quien logr\u00f3 reunir a miles de ni\u00f1as y ni\u00f1os que, acompa\u00f1ados de sus madres, padres y seres queridos, llenaron el recinto de vida, ilusi\u00f3n y sonrisas.<\/p>\n\n\n\n<p>Desde el primer momento, el ambiente se pint\u00f3 de personajes fant\u00e1sticos y una infinidad de disfraces convirtieron el espacio en un verdadero mundo de fantas\u00eda. Las luces, la m\u00fasica y la energ\u00eda colectiva crearon una atm\u00f3sfera vibrante, donde cada canci\u00f3n se transform\u00f3 en una ola de felicidad compartida.<\/p>\n\n\n\n<p>Luli Pamp\u00edn conquist\u00f3 el escenario y los corazones de las y los asistentes, quienes no dejaron de cantar, brincar y bailar, al ritmo de sus temas m\u00e1s queridos. Las risas, los aplausos y los rostros iluminados reflejaron una tarde llena de momentos entra\u00f1ables, que quedar\u00e1n en la memoria de las familias zacatecanas.<\/p>\n\n\n\n<figure class=\"wp-block-image size-large\"><img decoding=\"async\" loading=\"lazy\" width=\"1024\" height=\"682\" src=\"https:\/\/elclarinzacatecano.com\/wp-content\/uploads\/2026\/04\/300426-gran-festejo-del-dia-del-nino-1024x682.jpg\" alt=\"\" class=\"wp-image-129467\" srcset=\"https:\/\/elclarinzacatecano.com\/wp-content\/uploads\/2026\/04\/300426-gran-festejo-del-dia-del-nino-1024x682.jpg 1024w, https:\/\/elclarinzacatecano.com\/wp-content\/uploads\/2026\/04\/300426-gran-festejo-del-dia-del-nino-300x200.jpg 300w, https:\/\/elclarinzacatecano.com\/wp-content\/uploads\/2026\/04\/300426-gran-festejo-del-dia-del-nino-768x512.jpg 768w, https:\/\/elclarinzacatecano.com\/wp-content\/uploads\/2026\/04\/300426-gran-festejo-del-dia-del-nino.jpg 1280w\" sizes=\"(max-width: 1024px) 100vw, 1024px\" \/><\/figure>\n\n\n\n<p>El evento, realizado como parte de la Agenda del Progreso, transcurri\u00f3 en un entorno completamente seguro y ordenado, gracias a la coordinaci\u00f3n y log\u00edstica implementadas por el Gobierno de Zacatecas, lo que permiti\u00f3 que ni\u00f1as, ni\u00f1os y adultos disfrutaran con tranquilidad de esta gran celebraci\u00f3n.<\/p>\n\n\n\n<p>La alegr\u00eda desbordada, el brillo en los ojos de la ni\u00f1ez y la convivencia familiar fueron el mejor testimonio del \u00e9xito de este encuentro, que no s\u00f3lo celebr\u00f3 a las ni\u00f1as y los ni\u00f1os, sino que fortaleci\u00f3 los lazos comunitarios y el esp\u00edritu de uni\u00f3n.<\/p>\n\n\n\n<p>Con este tipo de acciones, el Gobierno de Zacatecas reafirma su compromiso de continuar la generaci\u00f3n de espacios llenos de color, esperanza y felicidad, donde la ni\u00f1ez crezca rodeada de amor, cultura y momentos que inspiran.<\/p>\n","protected":false},"excerpt":{"rendered":"<p>En medio de un aut\u00e9ntico festival de colores, risas y emoci\u00f3n, se vivi\u00f3 la espectacular presentaci\u00f3n de Luli Pamp\u00edn en Zacatecas, un evento inolvidable, organizado por el Gobierno del Estado, que encabeza el mandatario David Monreal \u00c1vila, como parte de la celebraci\u00f3n del D\u00eda de las Ni\u00f1as y los Ni\u00f1os. Este magno festejo, gratuito y [&hellip;]<\/p>\n","protected":false},"author":2,"featured_media":129466,"comment_status":"closed","ping_status":"closed","sticky":true,"template":"","format":"standard","meta":{"om_disable_all_campaigns":false},"categories":[97,8],"tags":[],"_links":{"self":[{"href":"https:\/\/elclarinzacatecano.com\/index.php?rest_route=\/wp\/v2\/posts\/129465"}],"collection":[{"href":"https:\/\/elclarinzacatecano.com\/index.php?rest_route=\/wp\/v2\/posts"}],"about":[{"href":"https:\/\/elclarinzacatecano.com\/index.php?rest_route=\/wp\/v2\/types\/post"}],"author":[{"embeddable":true,"href":"https:\/\/elclarinzacatecano.com\/index.php?rest_route=\/wp\/v2\/users\/2"}],"replies":[{"embeddable":true,"href":"https:\/\/elclarinzacatecano.com\/index.php?rest_route=%2Fwp%2Fv2%2Fcomments&post=129465"}],"version-history":[{"count":1,"href":"https:\/\/elclarinzacatecano.com\/index.php?rest_route=\/wp\/v2\/posts\/129465\/revisions"}],"predecessor-version":[{"id":129468,"href":"https:\/\/elclarinzacatecano.com\/index.php?rest_route=\/wp\/v2\/posts\/129465\/revisions\/129468"}],"wp:featuredmedia":[{"embeddable":true,"href":"https:\/\/elclarinzacatecano.com\/index.php?rest_route=\/wp\/v2\/media\/129466"}],"wp:attachment":[{"href":"https:\/\/elclarinzacatecano.com\/index.php?rest_route=%2Fwp%2Fv2%2Fmedia&parent=129465"}],"wp:term":[{"taxonomy":"category","embeddable":true,"href":"https:\/\/elclarinzacatecano.com\/index.php?rest_route=%2Fwp%2Fv2%2Fcategories&post=129465"},{"taxonomy":"post_tag","embeddable":true,"href":"https:\/\/elclarinzacatecano.com\/index.php?rest_route=%2Fwp%2Fv2%2Ftags&post=129465"}],"curies":[{"name":"wp","href":"https:\/\/api.w.org\/{rel}","templated":true}]}}