{"id":129477,"date":"2026-05-02T05:50:05","date_gmt":"2026-05-02T05:50:05","guid":{"rendered":"https:\/\/elclarinzacatecano.com\/?p=129477"},"modified":"2026-05-02T05:50:05","modified_gmt":"2026-05-02T05:50:05","slug":"ulises-mejia-resalta-tradicion-de-58-anos-en-la-marianita","status":"publish","type":"post","link":"https:\/\/elclarinzacatecano.com\/?p=129477","title":{"rendered":"Ulises Mej\u00eda resalta tradici\u00f3n de 58 a\u00f1os en la Marianita"},"content":{"rendered":"\n<ul>\n<li><em>Corona a Reina y despide a la de 2025, con sus dos princesas de cargo, 58 a\u00f1os de esta tradici\u00f3n<\/em><\/li>\n<\/ul>\n\n\n\n<p>Zacatecas, Zac.- El diputado federal Ulises Mej\u00eda Haro particip\u00f3 en el festejo del D\u00eda de la Ni\u00f1a y el Ni\u00f1o en el Barrio de La Marianita, donde destac\u00f3 el valor de una tradici\u00f3n con 58 a\u00f1os de historia que re\u00fane a las familias y fortalece la convivencia comunitaria.<\/p>\n\n\n\n<p>En un momento emotivo de la celebraci\u00f3n, se llev\u00f3 a cabo la coronaci\u00f3n y despedida de la reina, reconociendo a M\u00eda Abigail Pucheta Basurto como reina saliente, as\u00ed como la coronaci\u00f3n de Vania Sof\u00eda V\u00e1zquez como reina entrante, acompa\u00f1ada de Jessica Abigail Rodr\u00edguez como segunda princesa y L\u00eda Victoria S\u00e1nchez como tercera princesa.<\/p>\n\n\n\n<p>El legislador reconoci\u00f3 el compromiso de las y los vecinos por mantener viva esta celebraci\u00f3n que forma parte de la identidad del barrio y que, generaci\u00f3n tras generaci\u00f3n, sigue uniendo a la comunidad.<\/p>\n\n\n\n<p>Ulises Mej\u00eda Haro reiter\u00f3 que preservar las tradiciones es fundamental para fortalecer el tejido social y mantener vivas las ra\u00edces de Zacatecas.<\/p>\n","protected":false},"excerpt":{"rendered":"<p>Zacatecas, Zac.- El diputado federal Ulises Mej\u00eda Haro particip\u00f3 en el festejo del D\u00eda de la Ni\u00f1a y el Ni\u00f1o en el Barrio de La Marianita, donde destac\u00f3 el valor de una tradici\u00f3n con 58 a\u00f1os de historia que re\u00fane a las familias y fortalece la convivencia comunitaria. En un momento emotivo de la celebraci\u00f3n, [&hellip;]<\/p>\n","protected":false},"author":2,"featured_media":129478,"comment_status":"closed","ping_status":"closed","sticky":true,"template":"","format":"standard","meta":{"om_disable_all_campaigns":false},"categories":[97,8],"tags":[],"_links":{"self":[{"href":"https:\/\/elclarinzacatecano.com\/index.php?rest_route=\/wp\/v2\/posts\/129477"}],"collection":[{"href":"https:\/\/elclarinzacatecano.com\/index.php?rest_route=\/wp\/v2\/posts"}],"about":[{"href":"https:\/\/elclarinzacatecano.com\/index.php?rest_route=\/wp\/v2\/types\/post"}],"author":[{"embeddable":true,"href":"https:\/\/elclarinzacatecano.com\/index.php?rest_route=\/wp\/v2\/users\/2"}],"replies":[{"embeddable":true,"href":"https:\/\/elclarinzacatecano.com\/index.php?rest_route=%2Fwp%2Fv2%2Fcomments&post=129477"}],"version-history":[{"count":1,"href":"https:\/\/elclarinzacatecano.com\/index.php?rest_route=\/wp\/v2\/posts\/129477\/revisions"}],"predecessor-version":[{"id":129479,"href":"https:\/\/elclarinzacatecano.com\/index.php?rest_route=\/wp\/v2\/posts\/129477\/revisions\/129479"}],"wp:featuredmedia":[{"embeddable":true,"href":"https:\/\/elclarinzacatecano.com\/index.php?rest_route=\/wp\/v2\/media\/129478"}],"wp:attachment":[{"href":"https:\/\/elclarinzacatecano.com\/index.php?rest_route=%2Fwp%2Fv2%2Fmedia&parent=129477"}],"wp:term":[{"taxonomy":"category","embeddable":true,"href":"https:\/\/elclarinzacatecano.com\/index.php?rest_route=%2Fwp%2Fv2%2Fcategories&post=129477"},{"taxonomy":"post_tag","embeddable":true,"href":"https:\/\/elclarinzacatecano.com\/index.php?rest_route=%2Fwp%2Fv2%2Ftags&post=129477"}],"curies":[{"name":"wp","href":"https:\/\/api.w.org\/{rel}","templated":true}]}}