{"id":129480,"date":"2026-05-02T05:55:21","date_gmt":"2026-05-02T05:55:21","guid":{"rendered":"https:\/\/elclarinzacatecano.com\/?p=129480"},"modified":"2026-05-02T05:55:21","modified_gmt":"2026-05-02T05:55:21","slug":"llena-de-alegria-gobierno-de-zacatecas-el-cree-en-festejo-por-el-dia-de-las-ninas-y-ninos","status":"publish","type":"post","link":"https:\/\/elclarinzacatecano.com\/?p=129480","title":{"rendered":"Llena de alegr\u00eda Gobierno de Zacatecas el CREE en festejo por el D\u00eda de las Ni\u00f1as y Ni\u00f1os"},"content":{"rendered":"\n<ul>\n<li><em>Como parte de esta celebraci\u00f3n, se realiz\u00f3 la reinauguraci\u00f3n del \u00e1rea de estimulaci\u00f3n temprana<\/em><\/li>\n\n\n\n<li><em>El festejo incluy\u00f3 show de payasos, alimentos, bebidas, juegos de feria, entrega de juguetes y bolos<\/em><\/li>\n<\/ul>\n\n\n\n<p>Guadalupe, Zac.- En un ambiente lleno de alegr\u00eda, sonrisas y momentos inolvidables, el Gobierno de Zacatecas, encabezado por el mandatario estatal David Monreal \u00c1vila, celebr\u00f3 el D\u00eda de las Ni\u00f1as y los Ni\u00f1os con pacientes del Centro de Rehabilitaci\u00f3n y Educaci\u00f3n Especial (CREE).<\/p>\n\n\n\n<p>Durante esta significativa jornada, organizada para reconocer la fortaleza y alegr\u00eda de las y los peque\u00f1os, se llev\u00f3 a cabo un festejo que incluy\u00f3 show de payasos, alimentos, bebidas, juegos de feria, entrega de juguetes y bolos, en un espacio de convivencia y felicidad para las familias asistentes.<\/p>\n\n\n\n<figure class=\"wp-block-image size-large\"><img decoding=\"async\" loading=\"lazy\" width=\"1024\" height=\"682\" src=\"https:\/\/elclarinzacatecano.com\/wp-content\/uploads\/2026\/05\/020526-primera-dama-festeja-ninos-en-el-CREE-por-su-dia-1024x682.jpg\" alt=\"\" class=\"wp-image-129483\" srcset=\"https:\/\/elclarinzacatecano.com\/wp-content\/uploads\/2026\/05\/020526-primera-dama-festeja-ninos-en-el-CREE-por-su-dia-1024x682.jpg 1024w, https:\/\/elclarinzacatecano.com\/wp-content\/uploads\/2026\/05\/020526-primera-dama-festeja-ninos-en-el-CREE-por-su-dia-300x200.jpg 300w, https:\/\/elclarinzacatecano.com\/wp-content\/uploads\/2026\/05\/020526-primera-dama-festeja-ninos-en-el-CREE-por-su-dia-768x512.jpg 768w, https:\/\/elclarinzacatecano.com\/wp-content\/uploads\/2026\/05\/020526-primera-dama-festeja-ninos-en-el-CREE-por-su-dia.jpg 1280w\" sizes=\"(max-width: 1024px) 100vw, 1024px\" \/><\/figure>\n\n\n\n<p>El evento, realizado en el marco de la Agenda del Progreso, fue encabezado por la Presidenta Honor\u00edfica del Sistema Estatal para el Desarrollo Integral de la Familia (SEDIF), Sara Hern\u00e1ndez de Monreal, quien reafirm\u00f3 el compromiso de continuar el impulso a acciones que mejoren la calidad de vida de la ni\u00f1ez zacatecana, especialmente de quienes requieren atenci\u00f3n especializada.<\/p>\n\n\n\n<p>Como parte de esta celebraci\u00f3n, se realiz\u00f3 la reinauguraci\u00f3n del \u00e1rea de estimulaci\u00f3n temprana, un espacio que fue remodelado para brindar mejores condiciones de atenci\u00f3n a las y los peque\u00f1os pacientes, a fin de fortalecer su desarrollo integral desde las primeras etapas de vida.<\/p>\n\n\n\n<p>En el festejo participaron tambi\u00e9n madres y padres de familia, as\u00ed como personal del CREE, quienes se sumaron a esta jornada de convivencia, que destac\u00f3 por el entusiasmo y la participaci\u00f3n de las ni\u00f1as y ni\u00f1os, muchos de ellos caracterizados de sus personajes infantiles favoritos, lo que llen\u00f3 el lugar de color y creatividad.<\/p>\n\n\n\n<p>Con estas acciones, el Gobierno de Zacatecas refrenda su compromiso de trabajar por el bienestar, la inclusi\u00f3n y la felicidad de la ni\u00f1ez, al promover espacios que fortalezcan su desarrollo y fomenten su derecho a una vida plena.<\/p>\n\n\n\n<figure class=\"wp-block-image size-large\"><img decoding=\"async\" loading=\"lazy\" width=\"1024\" height=\"682\" src=\"https:\/\/elclarinzacatecano.com\/wp-content\/uploads\/2026\/05\/020526-primera-dama-festeja-ninos-en-el-CREE-1024x682.jpg\" alt=\"\" class=\"wp-image-129484\" srcset=\"https:\/\/elclarinzacatecano.com\/wp-content\/uploads\/2026\/05\/020526-primera-dama-festeja-ninos-en-el-CREE-1024x682.jpg 1024w, https:\/\/elclarinzacatecano.com\/wp-content\/uploads\/2026\/05\/020526-primera-dama-festeja-ninos-en-el-CREE-300x200.jpg 300w, https:\/\/elclarinzacatecano.com\/wp-content\/uploads\/2026\/05\/020526-primera-dama-festeja-ninos-en-el-CREE-768x512.jpg 768w, https:\/\/elclarinzacatecano.com\/wp-content\/uploads\/2026\/05\/020526-primera-dama-festeja-ninos-en-el-CREE.jpg 1280w\" sizes=\"(max-width: 1024px) 100vw, 1024px\" \/><\/figure>\n","protected":false},"excerpt":{"rendered":"<p>Guadalupe, Zac.- En un ambiente lleno de alegr\u00eda, sonrisas y momentos inolvidables, el Gobierno de Zacatecas, encabezado por el mandatario estatal David Monreal \u00c1vila, celebr\u00f3 el D\u00eda de las Ni\u00f1as y los Ni\u00f1os con pacientes del Centro de Rehabilitaci\u00f3n y Educaci\u00f3n Especial (CREE). Durante esta significativa jornada, organizada para reconocer la fortaleza y alegr\u00eda de [&hellip;]<\/p>\n","protected":false},"author":2,"featured_media":129481,"comment_status":"closed","ping_status":"closed","sticky":true,"template":"","format":"standard","meta":{"om_disable_all_campaigns":false},"categories":[7,1,8],"tags":[],"_links":{"self":[{"href":"https:\/\/elclarinzacatecano.com\/index.php?rest_route=\/wp\/v2\/posts\/129480"}],"collection":[{"href":"https:\/\/elclarinzacatecano.com\/index.php?rest_route=\/wp\/v2\/posts"}],"about":[{"href":"https:\/\/elclarinzacatecano.com\/index.php?rest_route=\/wp\/v2\/types\/post"}],"author":[{"embeddable":true,"href":"https:\/\/elclarinzacatecano.com\/index.php?rest_route=\/wp\/v2\/users\/2"}],"replies":[{"embeddable":true,"href":"https:\/\/elclarinzacatecano.com\/index.php?rest_route=%2Fwp%2Fv2%2Fcomments&post=129480"}],"version-history":[{"count":2,"href":"https:\/\/elclarinzacatecano.com\/index.php?rest_route=\/wp\/v2\/posts\/129480\/revisions"}],"predecessor-version":[{"id":129485,"href":"https:\/\/elclarinzacatecano.com\/index.php?rest_route=\/wp\/v2\/posts\/129480\/revisions\/129485"}],"wp:featuredmedia":[{"embeddable":true,"href":"https:\/\/elclarinzacatecano.com\/index.php?rest_route=\/wp\/v2\/media\/129481"}],"wp:attachment":[{"href":"https:\/\/elclarinzacatecano.com\/index.php?rest_route=%2Fwp%2Fv2%2Fmedia&parent=129480"}],"wp:term":[{"taxonomy":"category","embeddable":true,"href":"https:\/\/elclarinzacatecano.com\/index.php?rest_route=%2Fwp%2Fv2%2Fcategories&post=129480"},{"taxonomy":"post_tag","embeddable":true,"href":"https:\/\/elclarinzacatecano.com\/index.php?rest_route=%2Fwp%2Fv2%2Ftags&post=129480"}],"curies":[{"name":"wp","href":"https:\/\/api.w.org\/{rel}","templated":true}]}}