{"id":130421,"date":"2026-09-02T05:27:12","date_gmt":"2026-09-02T05:27:12","guid":{"rendered":"https:\/\/elclarinzacatecano.com\/?p=130421"},"modified":"2026-09-02T05:27:12","modified_gmt":"2026-09-02T05:27:12","slug":"gobierno-de-pepe-saldivar-se-suma-a-la-jornada-estatal-de-prevencion-del-suicidio","status":"publish","type":"post","link":"https:\/\/elclarinzacatecano.com\/?p=130421","title":{"rendered":"Gobierno de Pepe Sald\u00edvar se suma a la Jornada Estatal de Prevenci\u00f3n del Suicidio"},"content":{"rendered":"\n<ul class=\"wp-block-list\">\n<li><em>Bajo el lema \u201cCada acci\u00f3n cuenta, cada vida importa\u201d dan inicio actividades que buscan capacitar a familias, escuelas y comunidades<\/em><\/li>\n\n\n\n<li><em>El principal objetivo es llegar a adolescentes y j\u00f3venes para que no enfrenten solos ninguna crisis<\/em><\/li>\n<\/ul>\n\n\n\n<p class=\"wp-block-paragraph\">El Gobierno Municipal de Guadalupe, encabezado por Pepe Sald\u00edvar, se sum\u00f3 a las actividades de la Jornada Estatal de Prevenci\u00f3n del Suicidio bajo el lema \u201cCada acci\u00f3n cuenta, cada vida importa\u201d, que se llev\u00f3 a cabo en las instalaciones del Consejo de Ciencia y Tecnolog\u00eda e Innovaci\u00f3n (COZCYT).<\/p>\n\n\n\n<p class=\"wp-block-paragraph\">A este evento organizado por el Consejo Estatal de Salud Mental y Adicciones, (CESMA), particip\u00f3 la Subsecretar\u00eda de Prevenci\u00f3n Social de la Violencia y la Delincuencia del Ayuntamiento de Guadalupe, reafirmando el compromiso para impulsar acciones de prevenci\u00f3n, sensibilizaci\u00f3n y atenci\u00f3n que contribuyan al bienestar de las familias guadalupenses.<\/p>\n\n\n\n<p class=\"wp-block-paragraph\">Esta jornada representa un espacio para fortalecer la coordinaci\u00f3n entre instituciones y generar conciencia sobre la importancia de escuchar, acompa\u00f1ar y brindar atenci\u00f3n oportuna a quienes atraviesan por situaciones que puedan afectar su bienestar emocional.<\/p>\n\n\n\n<p class=\"wp-block-paragraph\">Con su participaci\u00f3n el Gobierno de Pepe Sald\u00edvar refrenda que la prevenci\u00f3n social y el cuidado de la vida son prioridades, sum\u00e1ndose a los esfuerzos del Gobierno del Estado a cargo de David Monreal para construir comunidades m\u00e1s s\u00f3lidas, informadas y sensibles ante la salud mental.<\/p>\n\n\n\n<p class=\"wp-block-paragraph\">En el inicio de esta capacitaci\u00f3n estuvieron presentes autoridades y representantes de los Servicios de Salud de Zacatecas, la Comisi\u00f3n Estatal de los Derechos Humanos, el Instituto de la Juventud, la Unidad Acad\u00e9mica de Psicolog\u00eda de la UAZ, la Secretar\u00eda de Educaci\u00f3n y el Sistema de Protecci\u00f3n Integral de Ni\u00f1as, Ni\u00f1os y Adolescentes (SIPINNA), quienes se sumaron a este esfuerzo institucional parar fortalecer las estrategias de prevenci\u00f3n y atenci\u00f3n.<\/p>\n","protected":false},"excerpt":{"rendered":"<p>El Gobierno Municipal de Guadalupe, encabezado por Pepe Sald\u00edvar, se sum\u00f3 a las actividades de la Jornada Estatal de Prevenci\u00f3n del Suicidio bajo el lema \u201cCada acci\u00f3n cuenta, cada vida importa\u201d, que se llev\u00f3 a cabo en las instalaciones del Consejo de Ciencia y Tecnolog\u00eda e Innovaci\u00f3n (COZCYT). A este evento organizado por el Consejo [&hellip;]<\/p>\n","protected":false},"author":2,"featured_media":130422,"comment_status":"open","ping_status":"open","sticky":false,"template":"","format":"standard","meta":{"om_disable_all_campaigns":false,"footnotes":""},"categories":[1],"tags":[],"class_list":["post-130421","post","type-post","status-publish","format-standard","has-post-thumbnail","hentry","category-politica"],"_links":{"self":[{"href":"https:\/\/elclarinzacatecano.com\/index.php?rest_route=\/wp\/v2\/posts\/130421","targetHints":{"allow":["GET"]}}],"collection":[{"href":"https:\/\/elclarinzacatecano.com\/index.php?rest_route=\/wp\/v2\/posts"}],"about":[{"href":"https:\/\/elclarinzacatecano.com\/index.php?rest_route=\/wp\/v2\/types\/post"}],"author":[{"embeddable":true,"href":"https:\/\/elclarinzacatecano.com\/index.php?rest_route=\/wp\/v2\/users\/2"}],"replies":[{"embeddable":true,"href":"https:\/\/elclarinzacatecano.com\/index.php?rest_route=%2Fwp%2Fv2%2Fcomments&post=130421"}],"version-history":[{"count":1,"href":"https:\/\/elclarinzacatecano.com\/index.php?rest_route=\/wp\/v2\/posts\/130421\/revisions"}],"predecessor-version":[{"id":130423,"href":"https:\/\/elclarinzacatecano.com\/index.php?rest_route=\/wp\/v2\/posts\/130421\/revisions\/130423"}],"wp:featuredmedia":[{"embeddable":true,"href":"https:\/\/elclarinzacatecano.com\/index.php?rest_route=\/wp\/v2\/media\/130422"}],"wp:attachment":[{"href":"https:\/\/elclarinzacatecano.com\/index.php?rest_route=%2Fwp%2Fv2%2Fmedia&parent=130421"}],"wp:term":[{"taxonomy":"category","embeddable":true,"href":"https:\/\/elclarinzacatecano.com\/index.php?rest_route=%2Fwp%2Fv2%2Fcategories&post=130421"},{"taxonomy":"post_tag","embeddable":true,"href":"https:\/\/elclarinzacatecano.com\/index.php?rest_route=%2Fwp%2Fv2%2Ftags&post=130421"}],"curies":[{"name":"wp","href":"https:\/\/api.w.org\/{rel}","templated":true}]}}