{"id":130439,"date":"2026-09-03T17:06:06","date_gmt":"2026-09-03T17:06:06","guid":{"rendered":"https:\/\/elclarinzacatecano.com\/?p=130439"},"modified":"2026-09-03T17:06:06","modified_gmt":"2026-09-03T17:06:06","slug":"fracturado-dividido-y-endeudado-el-saldo-que-ha-dejado-morena-alejandro-moreno","status":"publish","type":"post","link":"https:\/\/elclarinzacatecano.com\/?p=130439","title":{"rendered":"&#8220;Fracturado, Dividido y Endeudado, el saldo que ha dejado Morena&#8221;: Alejandro Moreno"},"content":{"rendered":"\n<ul class=\"wp-block-list\">\n<li><em>El senador y Presidente Nacional del PRI advirti\u00f3 que el oficialismo pretende controlar las instituciones y perseguir a quienes ejercen una oposici\u00f3n cr\u00edtica.<\/em><\/li>\n\n\n\n<li><em>Convoc\u00f3 a los partidos pol\u00edticos de vocaci\u00f3n opositora y a los millones de mexicanos hartos de tanta destrucci\u00f3n a unirse en un solo frente nacional opositor.<\/em><\/li>\n\n\n\n<li><em>Se\u00f1al\u00f3 que en Morena tienen una lista negra internacional por sus nexos, sus acuerdos y sus pactos con la delincuencia organizada.<\/em><\/li>\n<\/ul>\n\n\n\n<p class=\"wp-block-paragraph\">Al participar en la sesi\u00f3n de Congreso General con motivo del Segundo Informe de Gobierno, el senador y dirigente nacional del PRI, Alejandro Moreno C\u00e1rdenas, afirm\u00f3 que, despu\u00e9s de ocho a\u00f1os de gobiernos de Morena, M\u00e9xico enfrenta una profunda crisis marcada por la violencia, la impunidad, el endeudamiento, el estancamiento econ\u00f3mico y la falta de rumbo. Sostuvo que el pa\u00eds se encuentra dividido y que el oficialismo ha utilizado el poder para debilitar instituciones, perseguir a sus opositores y limitar libertades.<\/p>\n\n\n\n<p class=\"wp-block-paragraph\">Desde la tribuna del Palacio Legislativo de San L\u00e1zaro convoc\u00f3 a los partidos pol\u00edticos de vocaci\u00f3n opositora y a los millones de mexicanos hartos de tanta destrucci\u00f3n a unirse en un solo frente nacional opositor. Dijo que \u201cno hay espacio para mezquindades ni c\u00e1lculos pol\u00edticos\u201d, porque \u201chay que defender a M\u00e9xico y a las familias mexicanas\u201d.<\/p>\n\n\n\n<p class=\"wp-block-paragraph\">Por ello, se comprometi\u00f3 a que \u201cvamos a dar la batalla por la gente, con valent\u00eda, car\u00e1cter y determinaci\u00f3n, como lo hacemos en el PRI\u201d.<\/p>\n\n\n\n<p class=\"wp-block-paragraph\">Moreno C\u00e1rdenas cuestion\u00f3 los resultados de la actual administraci\u00f3n y se\u00f1al\u00f3 que la realidad nacional contradice el discurso oficial. Advirti\u00f3 que la inseguridad contin\u00faa como una de las principales preocupaciones de las familias mexicanas y sostuvo que existen cuestionamientos nacionales e internacionales sobre la capacidad del Estado para garantizar la seguridad, hacer valer la ley y combatir a las organizaciones criminales.<\/p>\n\n\n\n<p class=\"wp-block-paragraph\">El dirigente priista afirm\u00f3 que el PRI no ser\u00e1 \u201ccomparsa\u201d de ning\u00fan gobierno y refrend\u00f3 que su partido mantendr\u00e1 una oposici\u00f3n firme frente a cualquier intento de someter al Poder Legislativo, debilitar a los \u00f3rganos aut\u00f3nomos o limitar la libertad de expresi\u00f3n. Subray\u00f3 que la defensa de la separaci\u00f3n de poderes, las instituciones, los derechos y la democracia constituye una obligaci\u00f3n de quienes representan a la ciudadan\u00eda.<br>Denunci\u00f3 que los gobiernos de Morena act\u00faan de manera facciosa y totalitaria con el firme prop\u00f3sito de exterminar al PRI y a toda la oposici\u00f3n. Por ello, advirti\u00f3, \u201ctengan bien presente, no lo vamos a permitir y vamos a defender este pa\u00eds\u201d.<\/p>\n\n\n\n<p class=\"wp-block-paragraph\">En ese punto, el senador y dirigente nacional asegur\u00f3 que \u201cnos persiguen porque quieren callarnos rumbo al 2027 y al 2030, pero lo que realmente tienen en el fondo es pavor, es miedo, porque est\u00e1n moralmente derrotados. Saben perfectamente que en el 2027, con una gran coalici\u00f3n partidaria y ciudadana, les vamos a ganar la mayor\u00eda en el Congreso de la Uni\u00f3n. Y no tengan duda, en el 2030, con el pueblo de M\u00e9xico atr\u00e1s, les vamos a ganar la Presidencia de la Rep\u00fablica\u201d.<\/p>\n\n\n\n<p class=\"wp-block-paragraph\">A los legisladores de Morena les dijo que \u201cpodr\u00e1n presentar las listas que quieran para acabar con la libertad de expresi\u00f3n, pero expl\u00edquenle al pueblo de M\u00e9xico la verg\u00fcenza hist\u00f3rica de tener a toda la c\u00fapula de Morena en una lista negra internacional por sus nexos, sus acuerdos y sus pactos con la delincuencia organizada\u201d.<\/p>\n\n\n\n<p class=\"wp-block-paragraph\">Sostuvo que, si de verdad tuvieran un m\u00ednimo de decencia, romper\u00edan su pacto con los c\u00e1rteles del crimen organizado, le quitar\u00edan la protecci\u00f3n a L\u00f3pez Obrador, a Andy, a Rocha, a Inzunza, a Marina, a Am\u00e9rico, y a tantos pol\u00edticos que hoy son se\u00f1alados y requeridos por la justicia en otros pa\u00edses.<\/p>\n\n\n\n<p class=\"wp-block-paragraph\">As\u00ed que, les demand\u00f3: \u201cQu\u00edtense esos lastres de encima. Proc\u00e9senlos. Ll\u00e9venlos a la justicia y, si no pueden, entr\u00e9guenlos a las autoridades de Estados Unidos para que hagan justicia, la que ustedes no hacen\u201d.<\/p>\n\n\n\n<p class=\"wp-block-paragraph\">CON FIRMEZA, EL PRI DE ZACATECAS RESPALDA A SU L\u00cdDER NACIONAL<\/p>\n\n\n\n<figure class=\"wp-block-image size-large\"><img loading=\"lazy\" decoding=\"async\" width=\"1024\" height=\"684\" src=\"https:\/\/elclarinzacatecano.com\/wp-content\/uploads\/2026\/09\/030926-CPB-defiende-postura-de-AM-por-el-PRI-1024x684.jpg\" alt=\"\" class=\"wp-image-130441\" srcset=\"https:\/\/elclarinzacatecano.com\/wp-content\/uploads\/2026\/09\/030926-CPB-defiende-postura-de-AM-por-el-PRI-1024x684.jpg 1024w, https:\/\/elclarinzacatecano.com\/wp-content\/uploads\/2026\/09\/030926-CPB-defiende-postura-de-AM-por-el-PRI-300x200.jpg 300w, https:\/\/elclarinzacatecano.com\/wp-content\/uploads\/2026\/09\/030926-CPB-defiende-postura-de-AM-por-el-PRI-768x513.jpg 768w, https:\/\/elclarinzacatecano.com\/wp-content\/uploads\/2026\/09\/030926-CPB-defiende-postura-de-AM-por-el-PRI.jpg 1438w\" sizes=\"auto, (max-width: 1024px) 100vw, 1024px\" \/><\/figure>\n\n\n\n<ul class=\"wp-block-list\">\n<li><em><strong>Con mucha determinaci\u00f3n y car\u00e1cter, el Presidente nacional del PRI expuso ante el Pleno de la C\u00e1mara de Diputados que este r\u00e9gimen ha hecho pactos con el crimen.<\/strong><\/em><\/li>\n<\/ul>\n\n\n\n<p class=\"wp-block-paragraph\">En su car\u00e1cter de dirigente estatal del priismo zacatecano, el Presidente Carlos Pe\u00f1a Badillo respald\u00f3 hoy, de manera contundente, la postura que ayer expres\u00f3 en la Tribuna del Palacio Legislativo de San L\u00e1zaro, el Senador Alejandro Moreno C\u00e1rdenas, donde afirm\u00f3 que a lo largo de su historia el PRI demostr\u00f3 que s\u00ed sabe gobernar y sabe dar resultados, sin hacer pactos criminales con la delincuencia organizada.<\/p>\n\n\n\n<p class=\"wp-block-paragraph\">Pe\u00f1a Badillo reconoci\u00f3 que efectivamente el oficialismo pretende controlar las instituciones y perseguir a quienes ejercen una oposici\u00f3n cr\u00edtica.<\/p>\n\n\n\n<p class=\"wp-block-paragraph\">Igual que su l\u00edder nacional, Alejandro Moreno C\u00e1rdenas, en Zacatecas, Carlos Pe\u00f1a Badillo convoc\u00f3 a los partidos pol\u00edticos de vocaci\u00f3n opositora y a todos los zacatecanos que est\u00e1n hartos de la opacidad, las mentiras y el mal gobierno local a unirse en un solo frente opositor, para recuperar la gubernatura en el 2027.<\/p>\n\n\n\n<p class=\"wp-block-paragraph\">Pe\u00f1a Badillo fue muy claro al se\u00f1alar que despu\u00e9s de ocho a\u00f1os de gobiernos de Morena, M\u00e9xico enfrenta una profunda crisis marcada por la violencia, la impunidad, el endeudamiento, el estancamiento econ\u00f3mico y la falta de rumbo. Tambi\u00e9n dijo que el pa\u00eds se encuentra dividido, porque el oficialismo ha utilizado el poder para debilitar las instituciones, perseguir a los opositores y limitar sus libertades, dividi\u00e9ndolos para poder mantenerse en el poder.<\/p>\n\n\n\n<p class=\"wp-block-paragraph\">Igual que el Presidente nacional del PRI, quien afirm\u00f3 que en M\u00e9xico no hay espacio para mezquindades ni c\u00e1lculos pol\u00edticos, Carlos Pe\u00f1a Badillo consider\u00f3 que hoy es el momento de cerrar filas, dar una nueva batalla por Zacatecas, por la gente y hacerlo con valent\u00eda, car\u00e1cter y determinaci\u00f3n como lo hacemos siempre en el Partido Revolucionario Institucional.<\/p>\n","protected":false},"excerpt":{"rendered":"<p>Al participar en la sesi\u00f3n de Congreso General con motivo del Segundo Informe de Gobierno, el senador y dirigente nacional del PRI, Alejandro Moreno C\u00e1rdenas, afirm\u00f3 que, despu\u00e9s de ocho a\u00f1os de gobiernos de Morena, M\u00e9xico enfrenta una profunda crisis marcada por la violencia, la impunidad, el endeudamiento, el estancamiento econ\u00f3mico y la falta de [&hellip;]<\/p>\n","protected":false},"author":1,"featured_media":130440,"comment_status":"closed","ping_status":"closed","sticky":false,"template":"","format":"standard","meta":{"om_disable_all_campaigns":false,"footnotes":""},"categories":[1],"tags":[],"class_list":["post-130439","post","type-post","status-publish","format-standard","has-post-thumbnail","hentry","category-politica"],"_links":{"self":[{"href":"https:\/\/elclarinzacatecano.com\/index.php?rest_route=\/wp\/v2\/posts\/130439","targetHints":{"allow":["GET"]}}],"collection":[{"href":"https:\/\/elclarinzacatecano.com\/index.php?rest_route=\/wp\/v2\/posts"}],"about":[{"href":"https:\/\/elclarinzacatecano.com\/index.php?rest_route=\/wp\/v2\/types\/post"}],"author":[{"embeddable":true,"href":"https:\/\/elclarinzacatecano.com\/index.php?rest_route=\/wp\/v2\/users\/1"}],"replies":[{"embeddable":true,"href":"https:\/\/elclarinzacatecano.com\/index.php?rest_route=%2Fwp%2Fv2%2Fcomments&post=130439"}],"version-history":[{"count":1,"href":"https:\/\/elclarinzacatecano.com\/index.php?rest_route=\/wp\/v2\/posts\/130439\/revisions"}],"predecessor-version":[{"id":130442,"href":"https:\/\/elclarinzacatecano.com\/index.php?rest_route=\/wp\/v2\/posts\/130439\/revisions\/130442"}],"wp:featuredmedia":[{"embeddable":true,"href":"https:\/\/elclarinzacatecano.com\/index.php?rest_route=\/wp\/v2\/media\/130440"}],"wp:attachment":[{"href":"https:\/\/elclarinzacatecano.com\/index.php?rest_route=%2Fwp%2Fv2%2Fmedia&parent=130439"}],"wp:term":[{"taxonomy":"category","embeddable":true,"href":"https:\/\/elclarinzacatecano.com\/index.php?rest_route=%2Fwp%2Fv2%2Fcategories&post=130439"},{"taxonomy":"post_tag","embeddable":true,"href":"https:\/\/elclarinzacatecano.com\/index.php?rest_route=%2Fwp%2Fv2%2Ftags&post=130439"}],"curies":[{"name":"wp","href":"https:\/\/api.w.org\/{rel}","templated":true}]}}