{"id":130446,"date":"2026-09-03T17:28:22","date_gmt":"2026-09-03T17:28:22","guid":{"rendered":"https:\/\/elclarinzacatecano.com\/?p=130446"},"modified":"2026-09-03T17:28:22","modified_gmt":"2026-09-03T17:28:22","slug":"ulises-mejia-fortalecer-la-soberania-es-defender-el-derecho-de-mexico-a-decidir-su-rumbo","status":"publish","type":"post","link":"https:\/\/elclarinzacatecano.com\/?p=130446","title":{"rendered":"ULISES MEJ\u00cdA: FORTALECER LA SOBERAN\u00cdA ES DEFENDER EL DERECHO DE M\u00c9XICO A DECIDIR SU RUMBO"},"content":{"rendered":"\n<p class=\"wp-block-paragraph\">Jalpa, Zac.- En el marco de las Asambleas en Defensa de la Transformaci\u00f3n y de la Soberan\u00eda Nacional, Ulises Mej\u00eda Haro destac\u00f3 que fortalecer la soberan\u00eda significa construir un M\u00e9xico cada vez m\u00e1s fuerte, independiente y con capacidad para decidir su propio rumbo, siempre poniendo el bienestar del pueblo en el centro.<\/p>\n\n\n\n<p class=\"wp-block-paragraph\">Ante simpatizantes del movimiento, se\u00f1al\u00f3 que la soberan\u00eda se construye todos los d\u00edas fortaleciendo el campo y la producci\u00f3n nacional, garantizando la soberan\u00eda energ\u00e9tica y alimentaria, impulsando la industria mexicana, la ciencia y la tecnolog\u00eda, y protegiendo los recursos estrat\u00e9gicos de la naci\u00f3n.<\/p>\n\n\n\n<p class=\"wp-block-paragraph\">\u201cUn M\u00e9xico soberano es un M\u00e9xico que produce, que genera oportunidades, que protege sus recursos y que toma sus decisiones pensando primero en su pueblo. La soberan\u00eda se defiende desde el territorio, con organizaci\u00f3n, participaci\u00f3n y unidad\u201d, afirm\u00f3.<\/p>\n\n\n\n<p class=\"wp-block-paragraph\">Mej\u00eda Haro resalt\u00f3 que, ante los desaf\u00edos nacionales e internacionales, es fundamental mantener el respaldo a la presidenta Claudia Sheinbaum y a su gobierno humanista, al se\u00f1alar que la defensa de la soberan\u00eda requiere unidad en torno a un proyecto que coloque la dignidad, la justicia social y el inter\u00e9s nacional por encima de cualquier inter\u00e9s externo.<\/p>\n\n\n\n<p class=\"wp-block-paragraph\">\u201cDebemos desde nuestras propias trincheras cerrar filas con nuestra Presidenta. Respaldar a Claudia Sheinbaum es acompa\u00f1ar la defensa de M\u00e9xico, de nuestras decisiones y de nuestra soberan\u00eda nacional\u201d, expres\u00f3.<\/p>\n\n\n\n<p class=\"wp-block-paragraph\">Finalmente, Ulises Mej\u00eda desde el sur de Zacatecas reiter\u00f3 que las asambleas continuar\u00e1n siendo espacios de encuentro, di\u00e1logo y organizaci\u00f3n con simpatizantes del movimiento para fortalecer la Transformaci\u00f3n desde las bases y defender, con unidad y convicci\u00f3n, la soberan\u00eda de M\u00e9xico.<\/p>\n\n\n\n<figure class=\"wp-block-image size-large\"><img loading=\"lazy\" decoding=\"async\" width=\"1024\" height=\"682\" src=\"https:\/\/elclarinzacatecano.com\/wp-content\/uploads\/2026\/09\/030926-UMH-toma-protesta-a-los-comites-1024x682.jpg\" alt=\"\" class=\"wp-image-130447\" srcset=\"https:\/\/elclarinzacatecano.com\/wp-content\/uploads\/2026\/09\/030926-UMH-toma-protesta-a-los-comites-1024x682.jpg 1024w, https:\/\/elclarinzacatecano.com\/wp-content\/uploads\/2026\/09\/030926-UMH-toma-protesta-a-los-comites-300x200.jpg 300w, https:\/\/elclarinzacatecano.com\/wp-content\/uploads\/2026\/09\/030926-UMH-toma-protesta-a-los-comites-768x512.jpg 768w, https:\/\/elclarinzacatecano.com\/wp-content\/uploads\/2026\/09\/030926-UMH-toma-protesta-a-los-comites.jpg 1280w\" sizes=\"auto, (max-width: 1024px) 100vw, 1024px\" \/><\/figure>\n","protected":false},"excerpt":{"rendered":"<p>Jalpa, Zac.- En el marco de las Asambleas en Defensa de la Transformaci\u00f3n y de la Soberan\u00eda Nacional, Ulises Mej\u00eda Haro destac\u00f3 que fortalecer la soberan\u00eda significa construir un M\u00e9xico cada vez m\u00e1s fuerte, independiente y con capacidad para decidir su propio rumbo, siempre poniendo el bienestar del pueblo en el centro. Ante simpatizantes del [&hellip;]<\/p>\n","protected":false},"author":1,"featured_media":130448,"comment_status":"closed","ping_status":"closed","sticky":false,"template":"","format":"standard","meta":{"om_disable_all_campaigns":false,"footnotes":""},"categories":[1,8],"tags":[],"class_list":["post-130446","post","type-post","status-publish","format-standard","has-post-thumbnail","hentry","category-politica","category-sociales"],"_links":{"self":[{"href":"https:\/\/elclarinzacatecano.com\/index.php?rest_route=\/wp\/v2\/posts\/130446","targetHints":{"allow":["GET"]}}],"collection":[{"href":"https:\/\/elclarinzacatecano.com\/index.php?rest_route=\/wp\/v2\/posts"}],"about":[{"href":"https:\/\/elclarinzacatecano.com\/index.php?rest_route=\/wp\/v2\/types\/post"}],"author":[{"embeddable":true,"href":"https:\/\/elclarinzacatecano.com\/index.php?rest_route=\/wp\/v2\/users\/1"}],"replies":[{"embeddable":true,"href":"https:\/\/elclarinzacatecano.com\/index.php?rest_route=%2Fwp%2Fv2%2Fcomments&post=130446"}],"version-history":[{"count":1,"href":"https:\/\/elclarinzacatecano.com\/index.php?rest_route=\/wp\/v2\/posts\/130446\/revisions"}],"predecessor-version":[{"id":130449,"href":"https:\/\/elclarinzacatecano.com\/index.php?rest_route=\/wp\/v2\/posts\/130446\/revisions\/130449"}],"wp:featuredmedia":[{"embeddable":true,"href":"https:\/\/elclarinzacatecano.com\/index.php?rest_route=\/wp\/v2\/media\/130448"}],"wp:attachment":[{"href":"https:\/\/elclarinzacatecano.com\/index.php?rest_route=%2Fwp%2Fv2%2Fmedia&parent=130446"}],"wp:term":[{"taxonomy":"category","embeddable":true,"href":"https:\/\/elclarinzacatecano.com\/index.php?rest_route=%2Fwp%2Fv2%2Fcategories&post=130446"},{"taxonomy":"post_tag","embeddable":true,"href":"https:\/\/elclarinzacatecano.com\/index.php?rest_route=%2Fwp%2Fv2%2Ftags&post=130446"}],"curies":[{"name":"wp","href":"https:\/\/api.w.org\/{rel}","templated":true}]}}