{"id":130453,"date":"2026-09-04T06:43:54","date_gmt":"2026-09-04T06:43:54","guid":{"rendered":"https:\/\/elclarinzacatecano.com\/?p=130453"},"modified":"2026-09-04T06:43:54","modified_gmt":"2026-09-04T06:43:54","slug":"zacatecas-capital-fortalecera-la-participacion-ciudadana-en-la-planeacion-urbana","status":"publish","type":"post","link":"https:\/\/elclarinzacatecano.com\/?p=130453","title":{"rendered":"Zacatecas Capital fortalecer\u00e1 la participaci\u00f3n ciudadana en la planeaci\u00f3n urbana"},"content":{"rendered":"\n<ul class=\"wp-block-list\">\n<li><em>Ante el Consejo Municipal, se crea el Observatorio Ciudadano en materia de Desarrollo Urbano y Territorial<\/em><\/li>\n<\/ul>\n\n\n\n<p class=\"wp-block-paragraph\">Con la finalidad de fortalecer la participaci\u00f3n ciudadana y generar una visi\u00f3n plural sobre el crecimiento de la capital, el Ayuntamiento de Zacatecas present\u00f3 la convocatoria para integrar el Observatorio Ciudadano en materia de Desarrollo Urbano y Territorial, propuesta ante el Consejo Municipal de Desarrollo Urbano y Territorial.<\/p>\n\n\n\n<p class=\"wp-block-paragraph\">Durante la sesi\u00f3n, el presidente municipal Miguel Varela destac\u00f3 que su administraci\u00f3n busca mantener un gobierno cercano a la ciudadan\u00eda, que escuche las opiniones de las y los habitantes y las considere en la toma de decisiones para mejorar la ciudad y el municipio.<\/p>\n\n\n\n<p class=\"wp-block-paragraph\">Explic\u00f3 que el crecimiento de Zacatecas y la integraci\u00f3n de las colonias de la periferia deben realizarse de manera responsable, ordenada y priorizando el bienestar colectivo. En este sentido, se\u00f1al\u00f3 que corresponde al Consejo proponer al Ayuntamiento la convocatoria para elegir a quienes formar\u00e1n parte de este mecanismo ciudadano, de acuerdo con su reglamento.<\/p>\n\n\n\n<p class=\"wp-block-paragraph\">Por su parte, Carlos Emilio Ram\u00edrez Valtierra, director de Desarrollo Urbano y Patrimonio y vicepresidente del Consejo, explic\u00f3 que el Observatorio no sustituir\u00e1 las facultades de la autoridad municipal, sino que incorporar\u00e1 una perspectiva ciudadana, plural y t\u00e9cnicamente informada al seguimiento del desarrollo de la capital.<\/p>\n\n\n\n<p class=\"wp-block-paragraph\">Subray\u00f3 que las decisiones relacionadas con vivienda, movilidad, infraestructura, patrimonio y crecimiento territorial pueden generar consecuencias durante d\u00e9cadas. Como ejemplo, se\u00f1al\u00f3 el incremento de la meta federal de vivienda para el estado de Zacatecas, de 12 mil a 26 mil viviendas, y enfatiz\u00f3 que el reto no consiste \u00fanicamente en construir casas, sino en garantizar que cuenten con calles, transporte, agua, drenaje, escuelas, espacios p\u00fablicos y conectividad.<\/p>\n\n\n\n<p class=\"wp-block-paragraph\">La convocatoria plantea integrar un Observatorio de 15 y hasta 30 ciudadanos, bajo criterios de pluralidad y paridad de g\u00e9nero, adem\u00e1s de diversidad de conocimientos, profesiones, +4, experiencias y perspectivas.<\/p>\n\n\n\n<p class=\"wp-block-paragraph\">Finalmente, la doctora Scarlett Ramos Jim\u00e9nez, especialista en urbanizaci\u00f3n, explic\u00f3 que este espacio permitir\u00e1 observar, analizar informaci\u00f3n, identificar problem\u00e1ticas y formular propuestas sobre movilidad, vivienda, espacios p\u00fablicos y crecimiento urbano. Destac\u00f3 que esta iniciativa permitir\u00e1 pasar de una ciudadan\u00eda que \u00fanicamente recibe informaci\u00f3n a una que participa activamente en las decisiones que impactan la ciudad, fortaleciendo as\u00ed el di\u00e1logo entre sociedad y gobierno.<\/p>\n","protected":false},"excerpt":{"rendered":"<p>Con la finalidad de fortalecer la participaci\u00f3n ciudadana y generar una visi\u00f3n plural sobre el crecimiento de la capital, el Ayuntamiento de Zacatecas present\u00f3 la convocatoria para integrar el Observatorio Ciudadano en materia de Desarrollo Urbano y Territorial, propuesta ante el Consejo Municipal de Desarrollo Urbano y Territorial. Durante la sesi\u00f3n, el presidente municipal Miguel [&hellip;]<\/p>\n","protected":false},"author":2,"featured_media":130454,"comment_status":"closed","ping_status":"closed","sticky":false,"template":"","format":"standard","meta":{"om_disable_all_campaigns":false,"footnotes":""},"categories":[1,8],"tags":[],"class_list":["post-130453","post","type-post","status-publish","format-standard","has-post-thumbnail","hentry","category-politica","category-sociales"],"_links":{"self":[{"href":"https:\/\/elclarinzacatecano.com\/index.php?rest_route=\/wp\/v2\/posts\/130453","targetHints":{"allow":["GET"]}}],"collection":[{"href":"https:\/\/elclarinzacatecano.com\/index.php?rest_route=\/wp\/v2\/posts"}],"about":[{"href":"https:\/\/elclarinzacatecano.com\/index.php?rest_route=\/wp\/v2\/types\/post"}],"author":[{"embeddable":true,"href":"https:\/\/elclarinzacatecano.com\/index.php?rest_route=\/wp\/v2\/users\/2"}],"replies":[{"embeddable":true,"href":"https:\/\/elclarinzacatecano.com\/index.php?rest_route=%2Fwp%2Fv2%2Fcomments&post=130453"}],"version-history":[{"count":1,"href":"https:\/\/elclarinzacatecano.com\/index.php?rest_route=\/wp\/v2\/posts\/130453\/revisions"}],"predecessor-version":[{"id":130455,"href":"https:\/\/elclarinzacatecano.com\/index.php?rest_route=\/wp\/v2\/posts\/130453\/revisions\/130455"}],"wp:featuredmedia":[{"embeddable":true,"href":"https:\/\/elclarinzacatecano.com\/index.php?rest_route=\/wp\/v2\/media\/130454"}],"wp:attachment":[{"href":"https:\/\/elclarinzacatecano.com\/index.php?rest_route=%2Fwp%2Fv2%2Fmedia&parent=130453"}],"wp:term":[{"taxonomy":"category","embeddable":true,"href":"https:\/\/elclarinzacatecano.com\/index.php?rest_route=%2Fwp%2Fv2%2Fcategories&post=130453"},{"taxonomy":"post_tag","embeddable":true,"href":"https:\/\/elclarinzacatecano.com\/index.php?rest_route=%2Fwp%2Fv2%2Ftags&post=130453"}],"curies":[{"name":"wp","href":"https:\/\/api.w.org\/{rel}","templated":true}]}}