{"id":130459,"date":"2026-09-04T06:59:58","date_gmt":"2026-09-04T06:59:58","guid":{"rendered":"https:\/\/elclarinzacatecano.com\/?p=130459"},"modified":"2026-09-04T06:59:58","modified_gmt":"2026-09-04T06:59:58","slug":"arranca-dif-capital-cursos-y-talleres-en-los-centros-sociales-de-la-capital","status":"publish","type":"post","link":"https:\/\/elclarinzacatecano.com\/?p=130459","title":{"rendered":"Arranca DIF Capital cursos y talleres en los centros sociales de la capital"},"content":{"rendered":"\n<ul class=\"wp-block-list\">\n<li><em>Estas actividades comprenden el semestre agosto-diciembre 2026<\/em><\/li>\n<\/ul>\n\n\n\n<p class=\"wp-block-paragraph\">El Sistema Municipal DIF Zacatecas que encabeza la Presidenta Honor\u00edfica, Karla Estrada, dio inicio a los cursos y talleres que se brindan en los centros sociales de la capital, correspondientes al semestre agosto-diciembre 2026.<\/p>\n\n\n\n<p class=\"wp-block-paragraph\">La coordinaci\u00f3n de Centros Sociales de esta instituci\u00f3n tiene como prop\u00f3sito contribuir al bienestar y desarrollo integral de las familias del municipio, mediante la creaci\u00f3n de espacios de convivencia, aprendizaje, capacitaci\u00f3n y desarrollo de habilidades para la vida.<\/p>\n\n\n\n<p class=\"wp-block-paragraph\">A trav\u00e9s de los 16 centros sociales se imparten cursos y talleres en cuatro vertientes principales: fomento al autoempleo; arte y cultura; deportivos; y aprendizaje y formaci\u00f3n, dirigidos a distintos sectores de la poblaci\u00f3n.<\/p>\n\n\n\n<p class=\"wp-block-paragraph\">En materia de fomento al autoempleo, se busca fortalecer las capacidades y conocimientos de las personas participantes para que puedan desarrollar habilidades productivas que les permitan generar ingresos adicionales para sus hogares, impulsar emprendimientos y favorecer una mayor autonom\u00eda econ\u00f3mica familiar.<\/p>\n\n\n<div class=\"wp-block-image\">\n<figure class=\"alignleft size-medium is-resized\"><img loading=\"lazy\" decoding=\"async\" width=\"300\" height=\"202\" src=\"https:\/\/elclarinzacatecano.com\/wp-content\/uploads\/2026\/09\/040926-alcalde-de-la-capital-festeja-el-dialogo-entre-sociedad-y-justicia-300x202.jpg\" alt=\"\" class=\"wp-image-130460\" style=\"aspect-ratio:1.4852634021814806;width:533px;height:auto\" srcset=\"https:\/\/elclarinzacatecano.com\/wp-content\/uploads\/2026\/09\/040926-alcalde-de-la-capital-festeja-el-dialogo-entre-sociedad-y-justicia-300x202.jpg 300w, https:\/\/elclarinzacatecano.com\/wp-content\/uploads\/2026\/09\/040926-alcalde-de-la-capital-festeja-el-dialogo-entre-sociedad-y-justicia-1024x690.jpg 1024w, https:\/\/elclarinzacatecano.com\/wp-content\/uploads\/2026\/09\/040926-alcalde-de-la-capital-festeja-el-dialogo-entre-sociedad-y-justicia-768x517.jpg 768w, https:\/\/elclarinzacatecano.com\/wp-content\/uploads\/2026\/09\/040926-alcalde-de-la-capital-festeja-el-dialogo-entre-sociedad-y-justicia.jpg 1280w\" sizes=\"auto, (max-width: 300px) 100vw, 300px\" \/><\/figure>\n<\/div>\n\n\n<p class=\"wp-block-paragraph\">En el \u00e1mbito de ni\u00f1as, ni\u00f1os, adolescentes y j\u00f3venes, los centros sociales ofrecen alternativas que favorecen el desarrollo de la creatividad, la expresi\u00f3n art\u00edstica, el aprendizaje, la actividad f\u00edsica y la adquisici\u00f3n de nuevas habilidades, contribuyendo a su formaci\u00f3n integral y al aprovechamiento positivo de su tiempo libre.<\/p>\n\n\n\n<p class=\"wp-block-paragraph\">Entre las actividades que se ofertan se encuentran: belleza, corte y confecci\u00f3n, bisuter\u00eda, manualidades, apoyo a tareas, zumba, elaboraci\u00f3n de jab\u00f3n, velas y productos de limpieza; as\u00ed como computaci\u00f3n, futbol, ballet, ingl\u00e9s, electricidad, guitarra, yoga, bordado y tejido, basquetbol, taebo, pintura textil, cocina, reposter\u00eda y folclore, entre otras.<\/p>\n\n\n\n<p class=\"wp-block-paragraph\">La directora Mitzia Pel\u00e1ez reafirm\u00f3 el compromiso del alcalde Miguel Varela de consolidar los centros sociales como espacios de encuentro, inclusi\u00f3n, aprendizaje y transformaci\u00f3n social, donde se fortalecen las capacidades individuales y familiares, se promueve la convivencia y se generan oportunidades para construir comunidades m\u00e1s participativas y con mayores herramientas para mejorar su calidad de vida.<\/p>\n\n\n\n<p class=\"wp-block-paragraph\">Por su parte, el coordinador de Centros Sociales, Juan Pablo Silva P\u00e9rez, invit\u00f3 a la ciudadan\u00eda interesada en integrarse a estos espacios a acudir directamente a la coordinaci\u00f3n de Centros Sociales de DIF capital o al centro social m\u00e1s cercano a su colonia.<\/p>\n\n\n\n<p class=\"wp-block-paragraph\">Los centros sociales son Barrios Unidos, La Pinta, D\u00edaz Ordaz, L\u00e1zaro C\u00e1rdenas, CNOP, Lomas de la Pimienta, Bellavista, 5 Se\u00f1ores, Felipe \u00c1ngeles, CTM, Alma Obrera, Isabelica, Buenavista, Benito Ju\u00e1rez, Tres Cruces y Marianita.<\/p>\n\n\n\n<p class=\"wp-block-paragraph\">Con estas acciones, el DIF Capital refrenda su compromiso de acercar oportunidades de aprendizaje y desarrollo a todas las colonias de la capital, fortaleciendo el tejido social y brindando herramientas que mejoren la calidad de vida de las familias zacatecanas.<\/p>\n\n\n\n<p class=\"wp-block-paragraph\"><strong>Autoridades de Transito y polic\u00edas municipales, estatales, FRIZ y Metropolitana enfrentan a civiles que agredieron sin motivo<\/strong><\/p>\n\n\n\n<figure class=\"wp-block-image size-large\"><img loading=\"lazy\" decoding=\"async\" width=\"1024\" height=\"682\" src=\"https:\/\/elclarinzacatecano.com\/wp-content\/uploads\/2026\/09\/040926-POLICIA-MPAL-resulta-agredida-por-civiles-1024x682.jpg\" alt=\"\" class=\"wp-image-130461\" srcset=\"https:\/\/elclarinzacatecano.com\/wp-content\/uploads\/2026\/09\/040926-POLICIA-MPAL-resulta-agredida-por-civiles-1024x682.jpg 1024w, https:\/\/elclarinzacatecano.com\/wp-content\/uploads\/2026\/09\/040926-POLICIA-MPAL-resulta-agredida-por-civiles-300x200.jpg 300w, https:\/\/elclarinzacatecano.com\/wp-content\/uploads\/2026\/09\/040926-POLICIA-MPAL-resulta-agredida-por-civiles-768x512.jpg 768w, https:\/\/elclarinzacatecano.com\/wp-content\/uploads\/2026\/09\/040926-POLICIA-MPAL-resulta-agredida-por-civiles.jpg 1286w\" sizes=\"auto, (max-width: 1024px) 100vw, 1024px\" \/><\/figure>\n\n\n\n<p class=\"wp-block-paragraph\">El Ayuntamiento de Zacatecas, a trav\u00e9s de la Secretar\u00eda de Seguridad P\u00fablica Municipal, informa que la tarde de este jueves, minutos despu\u00e9s de las 18:00 horas, se recibi\u00f3 un reporte sobre la agresi\u00f3n f\u00edsica de civiles contra elementos de la Polic\u00eda Vial.<\/p>\n\n\n\n<p class=\"wp-block-paragraph\">De manera inmediata, elementos de la Polic\u00eda Municipal acudieron al lugar para brindar apoyo y salvaguardar la integridad de la agente.<\/p>\n\n\n\n<p class=\"wp-block-paragraph\">Durante la intervenci\u00f3n, los civiles mantuvieron una conducta agresiva, lo que deriv\u00f3 en una trifulca que requiri\u00f3 la intervenci\u00f3n de los elementos de seguridad para contener y controlar la situaci\u00f3n.<\/p>\n\n\n\n<p class=\"wp-block-paragraph\">En atenci\u00f3n al reporte y como parte de la coordinaci\u00f3n interinstitucional, tambi\u00e9n brindaron apoyo elementos de la Polic\u00eda Estatal Preventiva, Fuerza de Reacci\u00f3n Inmediata Zacatecas (FRIZ) y Polic\u00eda Metropolitana.<\/p>\n\n\n\n<p class=\"wp-block-paragraph\">Durante estos hechos, una patrulla de la Polic\u00eda Municipal result\u00f3 da\u00f1ada pues fue chocada.<\/p>\n\n\n\n<p class=\"wp-block-paragraph\">Como resultado, dos elementos de la Polic\u00eda Municipal y una agente de Polic\u00eda Vial resultaron lesionados. Los municipales fueron trasladados a un hospital para recibir valoraci\u00f3n m\u00e9dica y se reportan en buen estado.<\/p>\n\n\n\n<p class=\"wp-block-paragraph\">En el lugar fueron detenidas seis personas: cinco hombres de 25, 46, 44, 19 y 18 a\u00f1os, as\u00ed como una mujer de 36 a\u00f1os, quienes fueron puestos a disposici\u00f3n de la Fiscal\u00eda General de Justicia del Estado de Zacatecas, por su probable participaci\u00f3n en los delitos de lesiones, resistencia a particulares y da\u00f1o a las cosas.<\/p>\n\n\n\n<p class=\"wp-block-paragraph\">La Secretar\u00eda de Seguridad P\u00fablica Municipal precisa que en ning\u00fan momento se trat\u00f3 de una agresi\u00f3n armada; los hechos se originaron por una confrontaci\u00f3n f\u00edsica, relacionada con el consumo de bebidas alcoh\u00f3licas.<\/p>\n\n\n\n<p class=\"wp-block-paragraph\">Finalmente, el Ayuntamiento de Zacatecas hace un llamado a la ciudadan\u00eda a evitar el consumo excesivo de alcohol en espacios p\u00fablicos, mantener una conducta responsable y respetar a las autoridades, con el objetivo de prevenir situaciones que puedan poner en riesgo la integridad de las personas y alterar el orden p\u00fablico.<\/p>\n\n\n\n<p class=\"wp-block-paragraph\">Las personas detenidas se presumen inocentes mientras no se determine su responsabilidad mediante sentencia emitida por la autoridad competente.<\/p>\n","protected":false},"excerpt":{"rendered":"<p>El Sistema Municipal DIF Zacatecas que encabeza la Presidenta Honor\u00edfica, Karla Estrada, dio inicio a los cursos y talleres que se brindan en los centros sociales de la capital, correspondientes al semestre agosto-diciembre 2026. La coordinaci\u00f3n de Centros Sociales de esta instituci\u00f3n tiene como prop\u00f3sito contribuir al bienestar y desarrollo integral de las familias del [&hellip;]<\/p>\n","protected":false},"author":2,"featured_media":130462,"comment_status":"open","ping_status":"open","sticky":false,"template":"","format":"standard","meta":{"om_disable_all_campaigns":false,"footnotes":""},"categories":[1],"tags":[],"class_list":["post-130459","post","type-post","status-publish","format-standard","has-post-thumbnail","hentry","category-politica"],"_links":{"self":[{"href":"https:\/\/elclarinzacatecano.com\/index.php?rest_route=\/wp\/v2\/posts\/130459","targetHints":{"allow":["GET"]}}],"collection":[{"href":"https:\/\/elclarinzacatecano.com\/index.php?rest_route=\/wp\/v2\/posts"}],"about":[{"href":"https:\/\/elclarinzacatecano.com\/index.php?rest_route=\/wp\/v2\/types\/post"}],"author":[{"embeddable":true,"href":"https:\/\/elclarinzacatecano.com\/index.php?rest_route=\/wp\/v2\/users\/2"}],"replies":[{"embeddable":true,"href":"https:\/\/elclarinzacatecano.com\/index.php?rest_route=%2Fwp%2Fv2%2Fcomments&post=130459"}],"version-history":[{"count":1,"href":"https:\/\/elclarinzacatecano.com\/index.php?rest_route=\/wp\/v2\/posts\/130459\/revisions"}],"predecessor-version":[{"id":130463,"href":"https:\/\/elclarinzacatecano.com\/index.php?rest_route=\/wp\/v2\/posts\/130459\/revisions\/130463"}],"wp:featuredmedia":[{"embeddable":true,"href":"https:\/\/elclarinzacatecano.com\/index.php?rest_route=\/wp\/v2\/media\/130462"}],"wp:attachment":[{"href":"https:\/\/elclarinzacatecano.com\/index.php?rest_route=%2Fwp%2Fv2%2Fmedia&parent=130459"}],"wp:term":[{"taxonomy":"category","embeddable":true,"href":"https:\/\/elclarinzacatecano.com\/index.php?rest_route=%2Fwp%2Fv2%2Fcategories&post=130459"},{"taxonomy":"post_tag","embeddable":true,"href":"https:\/\/elclarinzacatecano.com\/index.php?rest_route=%2Fwp%2Fv2%2Ftags&post=130459"}],"curies":[{"name":"wp","href":"https:\/\/api.w.org\/{rel}","templated":true}]}}