{"id":130464,"date":"2026-09-04T07:17:32","date_gmt":"2026-09-04T07:17:32","guid":{"rendered":"https:\/\/elclarinzacatecano.com\/?p=130464"},"modified":"2026-09-04T07:17:32","modified_gmt":"2026-09-04T07:17:32","slug":"anuncia-pepe-saldivar-incremento-de-abasto-de-agua-en-guadalupe-con-pozo-comarca-iii","status":"publish","type":"post","link":"https:\/\/elclarinzacatecano.com\/?p=130464","title":{"rendered":"Anuncia Pepe Sald\u00edvar incremento de abasto de agua en Guadalupe con pozo Comarca III"},"content":{"rendered":"\n<p class=\"wp-block-paragraph\"><em>\u2022&nbsp;&nbsp;&nbsp;&nbsp;&nbsp;&nbsp;&nbsp; Gobiernos de David Monreal, Pepe Sald\u00edvar y la Jiapaz ponen en marcha nuevo pozo y ya perforan Comarca IV<\/em><\/p>\n\n\n\n<p class=\"wp-block-paragraph\"><em>\u2022&nbsp;&nbsp;&nbsp;&nbsp;&nbsp;&nbsp;&nbsp; Tendr\u00e1n abasto de agua regular m\u00e1s de 60 colonias, beneficiando a m\u00e1s de 50 mil guadalupenses<\/em><\/p>\n\n\n\n<p class=\"wp-block-paragraph\">Con el compromiso de fortalecer los servicios p\u00fablicos y garantizar un mejor abasto de agua potable para las familias de Guadalupe, el presidente municipal, Pepe Sald\u00edvar, acompa\u00f1\u00f3 al Titular de la Junta Intermunicipal de Agua Potable y Alcantarillado de Zacatecas (JIAPAZ), David Garc\u00eda en la inauguraci\u00f3n y puesta en funcionamiento del pozo La Comarca III.<\/p>\n\n\n\n<p class=\"wp-block-paragraph\">A espaldas de las colonias la Comarca, se llev\u00f3 a cabo la inauguraci\u00f3n de esta nueva obra h\u00eddrica, la cual permitir\u00e1 beneficiar directamente a alrededor de 50 mil habitantes de 60 colonias y fraccionamientos del Sistema de Abastecimiento Sureste.<\/p>\n\n\n\n<p class=\"wp-block-paragraph\">Durante el evento, el presidente municipal destac\u00f3 que esta nueva infraestructura representa un avance significativo para Guadalupe, pues siguiendo con la pol\u00edtica p\u00fablica de la Presidenta Claudia Sheinbaum de garantizar el acceso a la poblaci\u00f3n al vital l\u00edquido, beneficia particularmente a una de las zonas con mayor crecimiento poblacional del municipio, al contribuir a mejorar la disponibilidad y distribuci\u00f3n del agua potable para miles de familias.<\/p>\n\n\n\n<p class=\"wp-block-paragraph\">Se\u00f1al\u00f3 que el trabajo coordinado entre el Ayuntamiento, el Gobierno de Zacatecas y la Junta Intermunicipal de Agua Potable y Alcantarillado de Zacatecas (JIAPAZ) permite concretar acciones que atienden necesidades prioritarias de la poblaci\u00f3n.<\/p>\n\n\n\n<p class=\"wp-block-paragraph\">Asimismo, reconoci\u00f3 el respaldo del gobernador David Monreal \u00c1vila, de los diputados locales Susana Barrag\u00e1n y Sa\u00fal Cordero, as\u00ed como de las y los regidores para impulsar obras de infraestructura hidr\u00e1ulica que fortalecen la capacidad de respuesta ante el crecimiento de Guadalupe.<\/p>\n\n\n\n<p class=\"wp-block-paragraph\">\u201cLa puesta en operaci\u00f3n del pozo La Comarca III es resultado de la suma de esfuerzos institucionales y forma parte de una estrategia integral para mejorar el servicio de agua potable en sectores como Ojo de Agua de la Palma, Jardines del Sol, San Ram\u00f3n, San Gabriel, Mina Azul, La Comarca, Puerta del Valle, Villas de Guadalupe y Mart\u00ednez Dom\u00ednguez, entre otras zonas\u201d, indic\u00f3.<\/p>\n\n\n\n<p class=\"wp-block-paragraph\">Finalmente, cabe se\u00f1alar que esta acci\u00f3n fue realizada mediante el Programa Estatal de Obra, recursos ejercidos a trav\u00e9s de la Secretar\u00eda del Agua y Medio Ambiente. Por su parte, David Garc\u00eda, titular de la Jiapaz agradeci\u00f3 el apoyo incondicional tanto del Gobernador como del alcalde, y explic\u00f3 que el pozo alcanz\u00f3 una profundidad de 350 metros y, tras los trabajos de exploraci\u00f3n, equipamiento, lavado y aforo, registr\u00f3 un gasto m\u00e1ximo de 25 litros por segundo; actualmente opera con un gasto de 20 litros de agua por segundo para incorporarse al Sistema Sureste.<\/p>\n","protected":false},"excerpt":{"rendered":"<p>\u2022&nbsp;&nbsp;&nbsp;&nbsp;&nbsp;&nbsp;&nbsp; Gobiernos de David Monreal, Pepe Sald\u00edvar y la Jiapaz ponen en marcha nuevo pozo y ya perforan Comarca IV \u2022&nbsp;&nbsp;&nbsp;&nbsp;&nbsp;&nbsp;&nbsp; Tendr\u00e1n abasto de agua regular m\u00e1s de 60 colonias, beneficiando a m\u00e1s de 50 mil guadalupenses Con el compromiso de fortalecer los servicios p\u00fablicos y garantizar un mejor abasto de agua potable para las [&hellip;]<\/p>\n","protected":false},"author":1,"featured_media":130465,"comment_status":"closed","ping_status":"closed","sticky":false,"template":"","format":"standard","meta":{"om_disable_all_campaigns":false,"footnotes":""},"categories":[1,8],"tags":[],"class_list":["post-130464","post","type-post","status-publish","format-standard","has-post-thumbnail","hentry","category-politica","category-sociales"],"_links":{"self":[{"href":"https:\/\/elclarinzacatecano.com\/index.php?rest_route=\/wp\/v2\/posts\/130464","targetHints":{"allow":["GET"]}}],"collection":[{"href":"https:\/\/elclarinzacatecano.com\/index.php?rest_route=\/wp\/v2\/posts"}],"about":[{"href":"https:\/\/elclarinzacatecano.com\/index.php?rest_route=\/wp\/v2\/types\/post"}],"author":[{"embeddable":true,"href":"https:\/\/elclarinzacatecano.com\/index.php?rest_route=\/wp\/v2\/users\/1"}],"replies":[{"embeddable":true,"href":"https:\/\/elclarinzacatecano.com\/index.php?rest_route=%2Fwp%2Fv2%2Fcomments&post=130464"}],"version-history":[{"count":1,"href":"https:\/\/elclarinzacatecano.com\/index.php?rest_route=\/wp\/v2\/posts\/130464\/revisions"}],"predecessor-version":[{"id":130466,"href":"https:\/\/elclarinzacatecano.com\/index.php?rest_route=\/wp\/v2\/posts\/130464\/revisions\/130466"}],"wp:featuredmedia":[{"embeddable":true,"href":"https:\/\/elclarinzacatecano.com\/index.php?rest_route=\/wp\/v2\/media\/130465"}],"wp:attachment":[{"href":"https:\/\/elclarinzacatecano.com\/index.php?rest_route=%2Fwp%2Fv2%2Fmedia&parent=130464"}],"wp:term":[{"taxonomy":"category","embeddable":true,"href":"https:\/\/elclarinzacatecano.com\/index.php?rest_route=%2Fwp%2Fv2%2Fcategories&post=130464"},{"taxonomy":"post_tag","embeddable":true,"href":"https:\/\/elclarinzacatecano.com\/index.php?rest_route=%2Fwp%2Fv2%2Ftags&post=130464"}],"curies":[{"name":"wp","href":"https:\/\/api.w.org\/{rel}","templated":true}]}}