{"id":130473,"date":"2026-09-04T12:15:42","date_gmt":"2026-09-04T12:15:42","guid":{"rendered":"https:\/\/elclarinzacatecano.com\/?p=130473"},"modified":"2026-09-04T12:15:42","modified_gmt":"2026-09-04T12:15:42","slug":"ulises-mejia-se-despega-en-zacatecas-alcanza-46-3-y-saca-mas-de-25-puntos-a-su-mas-cercana-competidora","status":"publish","type":"post","link":"https:\/\/elclarinzacatecano.com\/?p=130473","title":{"rendered":"Ulises Mej\u00eda se despega en Zacatecas: Alcanza 46.3% y saca m\u00e1s de 25 puntos a su m\u00e1s cercana competidora"},"content":{"rendered":"\n<ul class=\"wp-block-list\">\n<li><em>El estudio de GobernArte coloca a Ulises Mej\u00eda Haro con 46.3% de las preferencias para encabezar a Morena-PT-PVEM rumbo a la gubernatura de Zacatecas.<\/em><\/li>\n\n\n\n<li><em>Obtiene una calificaci\u00f3n de competitividad de 9.5 sobre 10 y encabeza los cinco atributos evaluados: valores de la Cuarta Transformaci\u00f3n, honestidad, conocimiento, capacidad y cercan\u00eda.<\/em><\/li>\n<\/ul>\n\n\n\n<p class=\"wp-block-paragraph\">ZACATECAS, ZAC.\u2014 A unos d\u00edas de que entre en su etapa definitoria el proceso interno de Morena y sus aliados, Ulises Mej\u00eda Haro ampl\u00eda su ventaja y se posiciona como el perfil con mayor respaldo para encabezar la candidatura de Morena-PT-PVEM a la gubernatura de Zacatecas en 2027, de acuerdo con la m\u00e1s reciente medici\u00f3n de GobernArte correspondiente a septiembre.<\/p>\n\n\n\n<p class=\"wp-block-paragraph\">Ante la pregunta de qui\u00e9n deber\u00eda ser candidata o candidato de la coalici\u00f3n, Mej\u00eda Haro alcanza 46.3% de las preferencias, seguido por Ver\u00f3nica D\u00edaz Robles, con 21.1%; Jos\u00e9 Narro C\u00e9spedes, 10.4%; Geovanna Ba\u00f1uelos, 9.8%; Julia Olgu\u00edn, 2.1%, y Carlos Puente, 1.6%. Esto representa para Mej\u00eda Haro una ventaja de 25.2 puntos porcentuales sobre el segundo lugar.<\/p>\n\n\n<div class=\"wp-block-image\">\n<figure class=\"aligncenter size-large\"><img loading=\"lazy\" decoding=\"async\" width=\"795\" height=\"1024\" src=\"https:\/\/elclarinzacatecano.com\/wp-content\/uploads\/2026\/09\/WhatsApp-Image-2026-09-03-at-5.25.07-PM-795x1024.jpeg\" alt=\"\" class=\"wp-image-130476\" srcset=\"https:\/\/elclarinzacatecano.com\/wp-content\/uploads\/2026\/09\/WhatsApp-Image-2026-09-03-at-5.25.07-PM-795x1024.jpeg 795w, https:\/\/elclarinzacatecano.com\/wp-content\/uploads\/2026\/09\/WhatsApp-Image-2026-09-03-at-5.25.07-PM-233x300.jpeg 233w, https:\/\/elclarinzacatecano.com\/wp-content\/uploads\/2026\/09\/WhatsApp-Image-2026-09-03-at-5.25.07-PM-768x989.jpeg 768w, https:\/\/elclarinzacatecano.com\/wp-content\/uploads\/2026\/09\/WhatsApp-Image-2026-09-03-at-5.25.07-PM.jpeg 1125w\" sizes=\"auto, (max-width: 795px) 100vw, 795px\" \/><\/figure>\n<\/div>\n\n\n<p class=\"wp-block-paragraph\">La medici\u00f3n tambi\u00e9n coloca al zacatecano como el aspirante m\u00e1s competitivo, con una calificaci\u00f3n global de 9.5 sobre 10, por encima de Ver\u00f3nica D\u00edaz, con 7.9; Jos\u00e9 Narro, 6.7; Geovanna Ba\u00f1uelos, 6.5; Carlos Puente, 6.2, y Julia Olgu\u00edn, 5.6.<\/p>\n\n\n\n<p class=\"wp-block-paragraph\">El dato cobra especial relevancia porque Mej\u00eda Haro encabeza cada uno de los cinco atributos evaluados por la encuestadora: qui\u00e9n representa mejor los valores de la Cuarta Transformaci\u00f3n, qui\u00e9n es considerado m\u00e1s honesto, qui\u00e9n cuenta con mayor conocimiento entre la poblaci\u00f3n, qui\u00e9n tiene mayor capacidad para gobernar Zacatecas y qui\u00e9n es percibido como m\u00e1s cercano al pueblo.<\/p>\n\n\n\n<p class=\"wp-block-paragraph\">En el escenario partidista, la encuesta reporta adem\u00e1s una ventaja amplia para Morena-PT-PVEM, con 40.3% de intenci\u00f3n de voto, frente a 14.8% del PRI, 14.1% del PAN y 9.4% de Movimiento Ciudadano, mientras 21.4% respondi\u00f3 que no votar\u00eda por ninguno de esos partidos.<\/p>\n\n\n\n<p class=\"wp-block-paragraph\">Los resultados de GobernArte se conocen en la recta final del proceso interno, y muestran una diferencia de m\u00e1s de dos a uno entre Mej\u00eda Haro y su m\u00e1s cercana competidora, reforzando su posici\u00f3n en la disputa por la candidatura rumbo a la sucesi\u00f3n gubernamental de 2027.<\/p>\n\n\n\n<p class=\"wp-block-paragraph\">El estudio fue levantado en Zacatecas del 29 de agosto al 2 de septiembre de 2026, reporta un nivel de confianza de 95% y un margen de error estimado de entre 2.5% y 3.7%. La propia firma se\u00f1ala que la encuesta fue ordenada, elaborada y financiada por GobernArte S.C.<\/p>\n\n\n\n<figure class=\"wp-block-image size-large\"><img loading=\"lazy\" decoding=\"async\" width=\"788\" height=\"1024\" src=\"https:\/\/elclarinzacatecano.com\/wp-content\/uploads\/2026\/09\/WhatsApp-Image-2026-09-03-at-5.25.07-PM-2-788x1024.jpeg\" alt=\"\" class=\"wp-image-130475\" srcset=\"https:\/\/elclarinzacatecano.com\/wp-content\/uploads\/2026\/09\/WhatsApp-Image-2026-09-03-at-5.25.07-PM-2-788x1024.jpeg 788w, https:\/\/elclarinzacatecano.com\/wp-content\/uploads\/2026\/09\/WhatsApp-Image-2026-09-03-at-5.25.07-PM-2-231x300.jpeg 231w, https:\/\/elclarinzacatecano.com\/wp-content\/uploads\/2026\/09\/WhatsApp-Image-2026-09-03-at-5.25.07-PM-2-768x998.jpeg 768w, https:\/\/elclarinzacatecano.com\/wp-content\/uploads\/2026\/09\/WhatsApp-Image-2026-09-03-at-5.25.07-PM-2.jpeg 1125w\" sizes=\"auto, (max-width: 788px) 100vw, 788px\" \/><\/figure>\n","protected":false},"excerpt":{"rendered":"<p>ZACATECAS, ZAC.\u2014 A unos d\u00edas de que entre en su etapa definitoria el proceso interno de Morena y sus aliados, Ulises Mej\u00eda Haro ampl\u00eda su ventaja y se posiciona como el perfil con mayor respaldo para encabezar la candidatura de Morena-PT-PVEM a la gubernatura de Zacatecas en 2027, de acuerdo con la m\u00e1s reciente medici\u00f3n [&hellip;]<\/p>\n","protected":false},"author":1,"featured_media":130474,"comment_status":"open","ping_status":"closed","sticky":false,"template":"","format":"standard","meta":{"om_disable_all_campaigns":false,"footnotes":""},"categories":[1],"tags":[],"class_list":["post-130473","post","type-post","status-publish","format-standard","has-post-thumbnail","hentry","category-politica"],"_links":{"self":[{"href":"https:\/\/elclarinzacatecano.com\/index.php?rest_route=\/wp\/v2\/posts\/130473","targetHints":{"allow":["GET"]}}],"collection":[{"href":"https:\/\/elclarinzacatecano.com\/index.php?rest_route=\/wp\/v2\/posts"}],"about":[{"href":"https:\/\/elclarinzacatecano.com\/index.php?rest_route=\/wp\/v2\/types\/post"}],"author":[{"embeddable":true,"href":"https:\/\/elclarinzacatecano.com\/index.php?rest_route=\/wp\/v2\/users\/1"}],"replies":[{"embeddable":true,"href":"https:\/\/elclarinzacatecano.com\/index.php?rest_route=%2Fwp%2Fv2%2Fcomments&post=130473"}],"version-history":[{"count":1,"href":"https:\/\/elclarinzacatecano.com\/index.php?rest_route=\/wp\/v2\/posts\/130473\/revisions"}],"predecessor-version":[{"id":130477,"href":"https:\/\/elclarinzacatecano.com\/index.php?rest_route=\/wp\/v2\/posts\/130473\/revisions\/130477"}],"wp:featuredmedia":[{"embeddable":true,"href":"https:\/\/elclarinzacatecano.com\/index.php?rest_route=\/wp\/v2\/media\/130474"}],"wp:attachment":[{"href":"https:\/\/elclarinzacatecano.com\/index.php?rest_route=%2Fwp%2Fv2%2Fmedia&parent=130473"}],"wp:term":[{"taxonomy":"category","embeddable":true,"href":"https:\/\/elclarinzacatecano.com\/index.php?rest_route=%2Fwp%2Fv2%2Fcategories&post=130473"},{"taxonomy":"post_tag","embeddable":true,"href":"https:\/\/elclarinzacatecano.com\/index.php?rest_route=%2Fwp%2Fv2%2Ftags&post=130473"}],"curies":[{"name":"wp","href":"https:\/\/api.w.org\/{rel}","templated":true}]}}